{"id":837,"date":"2025-04-11T11:50:51","date_gmt":"2025-04-11T11:50:51","guid":{"rendered":"https:\/\/everydayliving.be\/?p=837"},"modified":"2026-09-02T16:06:47","modified_gmt":"2026-09-02T16:06:47","slug":"adopter-un-mode-de-vie-equilibre-pour-une-meilleure-qualite-de-vie","status":"publish","type":"post","link":"https:\/\/everydayliving.be\/en\/adopter-un-mode-de-vie-equilibre-pour-une-meilleure-qualite-de-vie\/","title":{"rendered":"Adopter un Mode de Vie \u00c9quilibr\u00e9 pour une Meilleure Qualit\u00e9 de Vie"},"content":{"rendered":"<h2>Comment mesurer scientifiquement notre \u00e9quilibre au-del\u00e0 des promesses ?<\/h2>\n<p>Dans une soci\u00e9t\u00e9 o\u00f9 l&#8217;injonction au bien-\u00eatre est omnipr\u00e9sente, il devient complexe de distinguer les v\u00e9ritables leviers d&#8217;une vie saine des simples tendances \u00e9ph\u00e9m\u00e8res. Les r\u00e9seaux sociaux v\u00e9hiculent souvent le mythe d&#8217;un \u00e9quilibre parfait, fait de routines matinales millim\u00e9tr\u00e9es et d&#8217;une gestion du stress infaillible. Cette vision id\u00e9alis\u00e9e de la qualit\u00e9 de vie tend paradoxalement \u00e0 g\u00e9n\u00e9rer une pression suppl\u00e9mentaire, \u00e9loignant les individus de l&#8217;objectif initial.<\/p>\n<p>Pour d\u00e9passer ces promesses souvent irr\u00e9alistes, la m\u00e9decine pr\u00e9ventive et l&#8217;\u00e9pid\u00e9miologie s&#8217;appuient sur des outils de mesure standardis\u00e9s. L&#8217;\u00e9valuation de l&#8217;\u00e9tat de sant\u00e9 ne repose plus sur un ressenti subjectif, mais sur des indicateurs cliniques pr\u00e9cis.<\/p>\n<h3>Le cadre clinique de l&#8217;EQ-5D<\/h3>\n<p>L&#8217;un des instruments de r\u00e9f\u00e9rence dans ce domaine est le questionnaire europ\u00e9en sur la qualit\u00e9 de vie. Selon les donn\u00e9es de sant\u00e9 publique (Belgique en bonne sant\u00e9), le score global de qualit\u00e9 de vie (EQ-5D) est \u00e9chelonn\u00e9 entre 0 (mort) et 100 (meilleur \u00e9tat de sant\u00e9 imaginable). Ce score prend en compte des dimensions telles que la mobilit\u00e9, l&#8217;autonomie, les activit\u00e9s courantes, la douleur et l&#8217;anxi\u00e9t\u00e9.<\/p>\n<p>L&#8217;utilisation de l&#8217;EQ-5D permet de poser des bases rationnelles et structur\u00e9es pour \u00e9valuer notre quotidien. Plut\u00f4t que de viser une perfection inatteignable, l&#8217;objectif devient l&#8217;optimisation concr\u00e8te et mesurable de ce score \u00e0 travers des habitudes scientifiquement valid\u00e9es.<\/p>\n<h2>Quels sont les points cl\u00e9s \u00e0 retenir ?<\/h2>\n<ul>\n<li><strong>L&#8217;\u00e9cart intention-action<\/strong> : 72 % des Belges placent la sant\u00e9 en priorit\u00e9 absolue (Source : Belgique en bonne sant\u00e9), mais seuls 12,7 % appliquent les recommandations nutritionnelles de base (Source : Sciensano, 2018).<\/li>\n<li><strong>L&#8217;ing\u00e9nierie de l&#8217;assiette<\/strong> : Une nutrition structur\u00e9e d\u00e8s le plus jeune \u00e2ge peut ajouter plus de 10 ans d&#8217;esp\u00e9rance de vie, selon l&#8217;Universit\u00e9 de Bergen.<\/li>\n<li><strong>L&#8217;angle mort hydrique<\/strong> : L&#8217;hydratation reste largement n\u00e9glig\u00e9e, avec seulement 7 % de la population l&#8217;associant \u00e0 une vie saine (Source : enqu\u00eates de sant\u00e9).<\/li>\n<li><strong>L&#8217;infrastructure du sommeil<\/strong> : Le repos nocturne n&#8217;est pas un luxe, mais le fondement biologique de la gestion \u00e9motionnelle et de la pr\u00e9vention de l&#8217;anxi\u00e9t\u00e9.<\/li>\n<li><strong>Les loisirs strat\u00e9giques<\/strong> : Les r\u00e8gles des \u00ab Power 9 \u00bb d\u00e9montrent que le divertissement, l&#8217;engagement cognitif et le lien social sont indissociables de la long\u00e9vit\u00e9.<\/li>\n<\/ul>\n<h2>Pourquoi 72 % des intentions de bien-\u00eatre \u00e9chouent-elles dans la pratique ?<\/h2>\n<p>L&#8217;am\u00e9lioration de la qualit\u00e9 de vie se heurte fr\u00e9quemment \u00e0 un obstacle majeur : le d\u00e9calage abyssal entre nos priorit\u00e9s d\u00e9clar\u00e9es et nos comportements r\u00e9els. Ce ph\u00e9nom\u00e8ne illustre les limites de la simple motivation individuelle face \u00e0 un environnement moderne souvent inadapt\u00e9.<\/p>\n<h3>Les intentions face \u00e0 la r\u00e9alit\u00e9<\/h3>\n<p>Les enqu\u00eates d&#8217;opinion r\u00e9v\u00e8lent une conscience aigu\u00eb des enjeux de sant\u00e9. Les donn\u00e9es de sant\u00e9 publique indiquent que 72 % des Belges estiment que leur sant\u00e9 est leur priorit\u00e9 num\u00e9ro un, se positionnant loin devant la famille (64 %). Cette forte adh\u00e9sion d\u00e9montre que l&#8217;intention n&#8217;est pas le maillon faible de la cha\u00eene. La population souhaite sinc\u00e8rement adopter un mode de vie plus sain.<\/p>\n<p>Cependant, la traduction de cette volont\u00e9 en actes quotidiens d\u00e9peint une tout autre r\u00e9alit\u00e9. Les statistiques \u00e9pid\u00e9miologiques dressent un constat s\u00e9v\u00e8re sur l&#8217;ex\u00e9cution. En 2018, selon l&#8217;institut de sant\u00e9 publique Sciensano, seulement 12,7 % de la population belge \u00e2g\u00e9e de 6 ans et plus consommait la quantit\u00e9 quotidienne recommand\u00e9e de fruits et l\u00e9gumes, fix\u00e9e \u00e0 au moins 5 portions.<\/p>\n<h3>Le basculement vers une approche syst\u00e9mique<\/h3>\n<p>Cette confrontation frontale entre les 72 % d&#8217;intentions et les 12,7 % d&#8217;ex\u00e9cution r\u00e9elle cr\u00e9e ce que l&#8217;on peut qualifier de \u00ab paradoxe belge de l&#8217;ex\u00e9cution \u00bb. Cet \u00e9cart souligne que s&#8217;appuyer uniquement sur la volont\u00e9 personnelle est une strat\u00e9gie vou\u00e9e \u00e0 l&#8217;\u00e9chec. La fatigue d\u00e9cisionnelle, l&#8217;accessibilit\u00e9 des aliments ultra-transform\u00e9s et les contraintes de temps neutralisent les meilleures r\u00e9solutions.<\/p>\n<p>Pour combler ce gouffre, il est n\u00e9cessaire de d\u00e9culpabiliser l&#8217;individu et de repenser la sant\u00e9 comme un syst\u00e8me d&#8217;habitudes automatis\u00e9es. L&#8217;optimisation du mode de vie requiert la mise en place d&#8217;un environnement facilitateur, o\u00f9 les choix sains deviennent les options par d\u00e9faut, minimisant ainsi l&#8217;effort cognitif requis au quotidien.<\/p>\n<h2>Comment l&#8217;ing\u00e9nierie d&#8217;une assiette peut-elle ajouter des ann\u00e9es d&#8217;esp\u00e9rance de vie ?<\/h2>\n<p>Pour corriger le paradoxe de l&#8217;ex\u00e9cution, il est imp\u00e9ratif de remplacer les injonctions nutritionnelles floues par des sch\u00e9mas d&#8217;action concrets et mesurables. La nutrition doit \u00eatre per\u00e7ue non plus comme une contrainte, mais comme un investissement au rendement exceptionnellement \u00e9lev\u00e9.<\/p>\n<h3>Le retour sur investissement nutritionnel<\/h3>\n<p>Les donn\u00e9es scientifiques confirment l&#8217;impact massif de l&#8217;alimentation sur la long\u00e9vit\u00e9. Ce chiffre colossal justifie \u00e0 lui seul l&#8217;effort de restructuration de nos habitudes alimentaires, transformant chaque repas en une v\u00e9ritable strat\u00e9gie de sant\u00e9 \u00e0 long terme.<\/p>\n<h3>L&#8217;architecture de l&#8217;assiette id\u00e9ale<\/h3>\n<p>Pour atteindre cet objectif, la Mutualit\u00e9 Partenamut propose une mod\u00e9lisation visuelle et stricte des portions. L&#8217;assiette sant\u00e9 id\u00e9ale se d\u00e9compose selon des ratios pr\u00e9cis, faciles \u00e0 appliquer au quotidien sans calcul complexe :<\/p>\n<ul>\n<li><strong>\u00bd de l\u00e9gumes<\/strong> : qu&#8217;ils soient crus ou cuits, ils doivent constituer la base volumique du repas.<\/li>\n<li><strong>\u00bc de prot\u00e9ines<\/strong> : d&#8217;origine v\u00e9g\u00e9tale ou animale, pour le maintien de la masse musculaire.<\/li>\n<li><strong>\u00bc de f\u00e9culents<\/strong> : de pr\u00e9f\u00e9rence complets, afin de garantir une \u00e9nergie diffuse.<\/li>\n<li><strong>Des lipides de qualit\u00e9<\/strong> : 1 \u00e0 2 cuill\u00e8res \u00e0 soupe d&#8217;huile de colza, d&#8217;olive ou de noix par personne.<\/li>\n<\/ul>\n<h3>L&#8217;angle mort de l&#8217;hydratation<\/h3>\n<\/p>\n<p>Si l&#8217;ing\u00e9nierie de l&#8217;assiette commence \u00e0 \u00eatre mieux comprise, la gestion des liquides reste le grand angle mort du bien-\u00eatre.<\/p>\n<p>L&#8217;hydratation est pourtant le transporteur essentiel des nutriments et le r\u00e9gulateur thermique de l&#8217;organisme. Ignorer cet aspect revient \u00e0 saboter les b\u00e9n\u00e9fices acquis par l&#8217;optimisation de l&#8217;assiette. Int\u00e9grer la consommation d&#8217;eau comme un pilier actif, au m\u00eame titre que les macronutriments, est une \u00e9tape non n\u00e9gociable pour am\u00e9liorer son score clinique de qualit\u00e9 de vie.<\/p>\n<h2>Pourquoi la r\u00e9cup\u00e9ration est-elle la v\u00e9ritable infrastructure de notre performance ?<\/h2>\n<p>Dans la qu\u00eate d&#8217;un mode de vie \u00e9quilibr\u00e9, la gestion du repos est fr\u00e9quemment rel\u00e9gu\u00e9e au second plan. La modernit\u00e9 a longtemps valoris\u00e9 la r\u00e9duction du temps de sommeil au profit d&#8217;une hyper-productivit\u00e9 per\u00e7ue. Cependant, la science m\u00e9dicale d\u00e9montre que n\u00e9gliger la r\u00e9cup\u00e9ration compromet l&#8217;ensemble de l&#8217;architecture du bien-\u00eatre physique et psychologique.<\/p>\n<h3>Le sommeil comme r\u00e9gulateur \u00e9motionnel<\/h3>\n<p>Le repos nocturne ne se r\u00e9sume pas \u00e0 une simple mise en veille de l&#8217;organisme ; il s&#8217;agit d&#8217;un processus neurobiologique actif. Ce lien physique entre le temps de repos et la sant\u00e9 mentale justifie la n\u00e9cessit\u00e9 absolue de ralentir. Une dette de sommeil chronique perturbe la r\u00e9gulation de l&#8217;amygdale, le centre \u00e9motionnel du cerveau, amplifiant de mani\u00e8re disproportionn\u00e9e les r\u00e9actions face aux facteurs de stress quotidiens.<\/p>\n<h3>Pr\u00e9venir la surcharge mentale<\/h3>\n<p>Consid\u00e9rer le sommeil comme l&#8217;infrastructure fondamentale de la performance quotidienne permet d&#8217;en r\u00e9\u00e9valuer l&#8217;importance. Sans cette base, les tentatives de r\u00e9gulation du stress ou d&#8217;am\u00e9lioration de la productivit\u00e9 s&#8217;effondrent.<\/p>\n<p>La charge mentale li\u00e9e aux exigences professionnelles et personnelles requiert des phases de d\u00e9compression compl\u00e8tes. Le respect des cycles circadiens et la sanctuarisation de huit heures de repos agissent comme un bouclier pr\u00e9ventif, garantissant la r\u00e9silience n\u00e9cessaire pour maintenir des habitudes de vie saines sur le long terme.<\/p>\n<h2>Pourquoi les centenaires des zones bleues ne s\u00e9parent-ils jamais le plaisir de la sant\u00e9 ?<\/h2>\n<p>L&#8217;approche de la sant\u00e9 se concentre souvent de mani\u00e8re isol\u00e9e sur la nutrition et le sommeil, omettant l&#8217;importance fondamentale de l&#8217;environnement social et du divertissement. L&#8217;\u00e9tude des populations centenaires offre un cadre de r\u00e9f\u00e9rence pr\u00e9cieux pour comprendre comment int\u00e9grer le plaisir au c\u0153ur d&#8217;une strat\u00e9gie de long\u00e9vit\u00e9.<\/p>\n<h3>Le mod\u00e8le des zones bleues<\/h3>\n<p>L&#8217;analyse des r\u00e9gions mondiales o\u00f9 l&#8217;esp\u00e9rance de vie est exceptionnellement \u00e9lev\u00e9e a permis d&#8217;isoler des comportements communs. Selon ce mod\u00e8le de r\u00e9f\u00e9rence, les \u00ab Power 9 \u00bb sont neuf r\u00e8gles de vie qui favoriseraient la long\u00e9vit\u00e9, appliqu\u00e9es par les centenaires des zones bleues.<\/p>\n<p>Ces principes d\u00e9montrent que la sant\u00e9 ne se limite pas \u00e0 des restrictions di\u00e9t\u00e9tiques. Le maintien d&#8217;un r\u00e9seau social solide et l&#8217;engagement cognitif r\u00e9gulier constituent des piliers de pr\u00e9vention contre le d\u00e9clin psychologique et physiologique.<\/p>\n<h3>Loisirs strat\u00e9giques et stimulation cognitive<\/h3>\n<p>L&#8217;application de ces strat\u00e9gies de gestion du stress implique de repenser nos moments de d\u00e9tente. Les loisirs ne doivent pas \u00eatre per\u00e7us comme des pertes de temps, mais comme des espaces de r\u00e9gulation nerveuse. S&#8217;accorder des activit\u00e9s de divertissement permet de rompre avec la routine et de stimuler des zones c\u00e9r\u00e9brales diff\u00e9rentes de celles sollicit\u00e9es par le travail.<\/p>\n<p>L&#8217;engagement dans des activit\u00e9s exigeant une certaine r\u00e9flexion, sans l&#8217;enjeu du cadre professionnel, participe \u00e0 cette hygi\u00e8ne de vie. Qu&#8217;il s&#8217;agisse d&#8217;apprentissages cr\u00e9atifs ou de jeux de soci\u00e9t\u00e9, ces exp\u00e9riences allient plaisir et concentration lorsqu&#8217;elles sont abord\u00e9es avec mod\u00e9ration.<\/p>\n<p>Ces moments d&#8217;\u00e9vasion mesur\u00e9e contribuent \u00e0 \u00e9quilibrer le rythme de vie. En adoptant la philosophie des \u00ab Power 9 \u00bb, l&#8217;int\u00e9gration naturelle des loisirs devient un acte de pr\u00e9servation de la sant\u00e9 mentale, \u00e9loignant le risque d&#8217;\u00e9puisement tout en cultivant la satisfaction quotidienne.<\/p>\n<h2>Foire Aux Questions (FAQ) : Comment d\u00e9coder la qualit\u00e9 de vie au quotidien ?<\/h2>\n<p>Comment puis-je mesurer ma qualit\u00e9 de vie avec le score EQ-5D ?<br \/>\nIl s&#8217;agit d&#8217;un questionnaire standardis\u00e9 europ\u00e9en \u00e9valuant la qualit\u00e9 de vie. Le score global est \u00e9chelonn\u00e9 entre 0 (qui \u00e9quivaut \u00e0 la mort) et 100 (qui repr\u00e9sente le meilleur \u00e9tat de sant\u00e9 imaginable), permettant de mesurer objectivement l&#8217;impact de nos habitudes sur des dimensions comme la mobilit\u00e9 ou l&#8217;anxi\u00e9t\u00e9.<\/p>\n<p>Quels sont les principes des zones bleues pour vivre plus longtemps ?<br \/>\nCe sont les neuf principes, appel\u00e9s \u00ab Power 9 \u00bb, appliqu\u00e9s par les populations des zones bleues r\u00e9put\u00e9es pour leur long\u00e9vit\u00e9. Ces habitudes de vie holistiques d\u00e9montrent que la pr\u00e9vention va au-del\u00e0 de la di\u00e9t\u00e9tique pour inclure le lien social et l&#8217;environnement.<\/p>\n<p>Comment structurer mon assiette pour manger sainement tous les jours ?<br \/>\nL&#8217;architecture id\u00e9ale d&#8217;un repas se structure autour de trois ratios stricts : la moiti\u00e9 de l&#8217;assiette doit \u00eatre compos\u00e9e de l\u00e9gumes (crus ou cuits), un quart de prot\u00e9ines (animales ou v\u00e9g\u00e9tales), et un quart de f\u00e9culents (de pr\u00e9f\u00e9rence complets), le tout compl\u00e9t\u00e9 par une \u00e0 deux cuill\u00e8res \u00e0 soupe d&#8217;huiles de qualit\u00e9 (colza, olive, noix).<\/p>\n<p>Pourquoi est-il si important de bien s&#8217;hydrater au quotidien ?<br \/>\nMalgr\u00e9 son importance cruciale pour le fonctionnement m\u00e9tabolique et la r\u00e9gulation de l&#8217;organisme, l&#8217;eau reste souvent n\u00e9glig\u00e9e dans l&#8217;approche g\u00e9n\u00e9rale du bien-\u00eatre. Elle est pourtant le transporteur essentiel des nutriments.<\/p>\n<h2>Comment passer d&#8217;une sant\u00e9 curative \u00e0 une v\u00e9ritable ing\u00e9nierie pr\u00e9ventive ?<\/h2>\n<p>La transition vers un mode de vie \u00e9quilibr\u00e9 d\u00e9passe largement le cadre des r\u00e9solutions individuelles pour s&#8217;inscrire dans une v\u00e9ritable ing\u00e9nierie pr\u00e9ventive. En s&#8217;appuyant sur des donn\u00e9es cliniques mesurables et en int\u00e9grant les principes de long\u00e9vit\u00e9 \u00e9prouv\u00e9s par les centenaires, il devient possible de restructurer notre quotidien avec une pr\u00e9cision scientifique.<\/p>\n<p>Ce changement de paradigme soul\u00e8ve une interrogation fondamentale sur l&#8217;\u00e9volution de nos environnements urbains et professionnels. Si l&#8217;application des r\u00e8gles de sant\u00e9 permet d&#8217;ajouter des ann\u00e9es d&#8217;esp\u00e9rance de vie, le d\u00e9fi futur consistera \u00e0 am\u00e9nager nos soci\u00e9t\u00e9s pour que ces choix optimaux deviennent l&#8217;option la plus accessible pour tous. Le mode de vie individuel s&#8217;affirme ainsi comme le premier maillon d&#8217;une politique de sant\u00e9 publique de nouvelle g\u00e9n\u00e9ration, centr\u00e9e sur la proactivit\u00e9 plut\u00f4t que sur la gu\u00e9rison.<\/p>\n<p><script type=\"application\/ld+json\">[{\"@context\": \"https:\/\/schema.org\", \"@type\": \"Article\", \"headline\": \"Adopter un Mode de Vie \u00c9quilibr\u00e9 : Comment la Science et les \u00ab Power 9 \u00bb Red\u00e9finissent notre Qualit\u00e9 de Vie\", \"description\": \"D\u00e9couvrez comment optimiser votre qualit\u00e9 de vie en appliquant les r\u00e8gles de long\u00e9vit\u00e9 (Power 9) et en comblant le paradoxe belge entre volont\u00e9 et nutrition.\", \"wordCount\": 1757, \"inLanguage\": \"fr\", \"url\": \"https:\/\/everydayliving.be\/adopter-un-mode-de-vie-equilibre-pour-une-meilleure-qualite-de-vie\/\", \"dateModified\": \"2026-07-20T13:57:55.549658+00:00\"}, {\"@context\": \"https:\/\/schema.org\", \"@type\": \"FAQPage\", \"mainEntity\": [{\"@type\": \"Question\", \"name\": \"Comment mesurer scientifiquement notre \u00e9quilibre au-del\u00e0 des promesses ?\", \"acceptedAnswer\": {\"@type\": \"Answer\", \"text\": \"Dans une soci\u00e9t\u00e9 o\u00f9 l'injonction au bien-\u00eatre est omnipr\u00e9sente, il devient complexe de distinguer les v\u00e9ritables leviers d'une vie saine des simples tendances \u00e9ph\u00e9m\u00e8res. Les r\u00e9seaux sociaux v\u00e9hiculent souvent le mythe d'un \u00e9quilibre parfait, fait de routines matinales millim\u00e9tr\u00e9es et d'une gestion du stress infaillible. Cette vision id\u00e9alis\u00e9e de la qualit\u00e9 de vie tend paradoxalement \u00e0 g\u00e9n\u00e9rer une pression suppl\u00e9mentaire, \u00e9loignant les individus de l'objectif initial.\"}}, {\"@type\": \"Question\", \"name\": \"Quels sont les points cl\u00e9s \u00e0 retenir ?\", \"acceptedAnswer\": {\"@type\": \"Answer\", \"text\": \"- **L'\u00e9cart intention-action** : 72 % des Belges placent la sant\u00e9 en priorit\u00e9 absolue (Source : Belgique en bonne sant\u00e9), mais seuls 12,7 % appliquent les recommandations nutritionnelles de base (Source : Sciensano, 2018).\\n- **L'ing\u00e9nierie de l'assiette** : Une nutrition structur\u00e9e d\u00e8s le plus jeune \u00e2ge peut ajouter plus de 10 ans d'esp\u00e9rance de vie, selon l'Universit\u00e9 de Bergen.\\n- **L'angle mort hydrique** : L'hydratation reste largement n\u00e9glig\u00e9e, avec seulement 7 % de la population l'associant \u00e0 une vie saine (Source : enqu\u00eates de sant\u00e9).\\n- **L'infrastructure du sommeil** : Le repos nocturne n'est pas un luxe, mais le fondement biologique de la gestion \u00e9motionnelle et de la pr\u00e9vention de l'anxi\u00e9t\u00e9.\\n- **Les loisirs strat\u00e9giques** : Les r\u00e8gles des \u00ab Power 9 \u00bb d\u00e9montrent que le divertissement, l'engagement cognitif et le lien social sont indissociables de la long\u00e9vit\u00e9.\"}}, {\"@type\": \"Question\", \"name\": \"Pourquoi 72 % des intentions de bien-\u00eatre \u00e9chouent-elles dans la pratique ?\", \"acceptedAnswer\": {\"@type\": \"Answer\", \"text\": \"<!-- genre:cross_source_synthesis -->L'am\u00e9lioration de la qualit\u00e9 de vie se heurte fr\u00e9quemment \u00e0 un obstacle majeur : le d\u00e9calage abyssal entre nos priorit\u00e9s d\u00e9clar\u00e9es et nos comportements r\u00e9els. Ce ph\u00e9nom\u00e8ne illustre les limites de la simple motivation individuelle face \u00e0 un environnement moderne souvent inadapt\u00e9.\"}}, {\"@type\": \"Question\", \"name\": \"Comment l'ing\u00e9nierie d'une assiette peut-elle ajouter des ann\u00e9es d'esp\u00e9rance de vie ?\", \"acceptedAnswer\": {\"@type\": \"Answer\", \"text\": \"<!-- genre:audience_reframing -->Pour corriger le paradoxe de l'ex\u00e9cution, il est imp\u00e9ratif de remplacer les injonctions nutritionnelles floues par des sch\u00e9mas d'action concrets et mesurables. La nutrition doit \u00eatre per\u00e7ue non plus comme une contrainte, mais comme un investissement au rendement exceptionnellement \u00e9lev\u00e9.\"}}, {\"@type\": \"Question\", \"name\": \"Pourquoi la r\u00e9cup\u00e9ration est-elle la v\u00e9ritable infrastructure de notre performance ?\", \"acceptedAnswer\": {\"@type\": \"Answer\", \"text\": \"Dans la qu\u00eate d'un mode de vie \u00e9quilibr\u00e9, la gestion du repos est fr\u00e9quemment rel\u00e9gu\u00e9e au second plan. La modernit\u00e9 a longtemps valoris\u00e9 la r\u00e9duction du temps de sommeil au profit d'une hyper-productivit\u00e9 per\u00e7ue. Cependant, la science m\u00e9dicale d\u00e9montre que n\u00e9gliger la r\u00e9cup\u00e9ration compromet l'ensemble de l'architecture du bien-\u00eatre physique et psychologique.\"}}, {\"@type\": \"Question\", \"name\": \"Pourquoi les centenaires des zones bleues ne s\u00e9parent-ils jamais le plaisir de la sant\u00e9 ?\", \"acceptedAnswer\": {\"@type\": \"Answer\", \"text\": \"L'approche de la sant\u00e9 se concentre souvent de mani\u00e8re isol\u00e9e sur la nutrition et le sommeil, omettant l'importance fondamentale de l'environnement social et du divertissement. L'\u00e9tude des populations centenaires offre un cadre de r\u00e9f\u00e9rence pr\u00e9cieux pour comprendre comment int\u00e9grer le plaisir au c\u0153ur d'une strat\u00e9gie de long\u00e9vit\u00e9.\"}}]}]<\/script><\/p>\n<hr \/>\n<p><strong>Jeu responsable<\/strong> : Les jeux d\u2019argent sont interdits aux mineurs (21+ en Belgique). Jouez avec mod\u00e9ration. En cas de probl\u00e8me, contactez le 0800 35 777 (joueurs.info).<\/p>\n","protected":false},"excerpt":{"rendered":"<p>Comment mesurer scientifiquement notre \u00e9quilibre au-del\u00e0 des promesses ? Dans une soci\u00e9t\u00e9 o\u00f9 l&#8217;injonction au bien-\u00eatre est omnipr\u00e9sente, il devient complexe de distinguer les v\u00e9ritables leviers d&#8217;une vie saine des simples tendances \u00e9ph\u00e9m\u00e8res. Les r\u00e9seaux sociaux v\u00e9hiculent souvent le mythe d&#8217;un \u00e9quilibre parfait, fait de routines matinales millim\u00e9tr\u00e9es et d&#8217;une gestion du stress infaillible. Cette [&hellip;]<\/p>\n","protected":false},"author":2,"featured_media":838,"comment_status":"open","ping_status":"open","sticky":false,"template":"","format":"standard","meta":{"inline_featured_image":false,"footnotes":""},"categories":[24,11],"tags":[],"class_list":["post-837","post","type-post","status-publish","format-standard","has-post-thumbnail","hentry","category-bien-etre-mental","category-developpement-personnel"],"yoast_head":"<!-- This site is optimized with the Yoast SEO plugin v24.6 - https:\/\/yoast.com\/wordpress\/plugins\/seo\/ -->\n<title>Adopter un Mode de Vie \u00c9quilibr\u00e9 pour une Meilleure Qualit\u00e9 de Vie - EverydayLiving - Embrace the Extraordinary<\/title>\n<meta name=\"robots\" content=\"index, follow, max-snippet:-1, max-image-preview:large, max-video-preview:-1\" \/>\n<link rel=\"canonical\" href=\"https:\/\/everydayliving.be\/en\/adopter-un-mode-de-vie-equilibre-pour-une-meilleure-qualite-de-vie\/\" \/>\n<meta property=\"og:locale\" content=\"en_US\" \/>\n<meta property=\"og:type\" content=\"article\" \/>\n<meta property=\"og:title\" content=\"Adopter un Mode de Vie \u00c9quilibr\u00e9 pour une Meilleure Qualit\u00e9 de Vie - EverydayLiving - Embrace the Extraordinary\" \/>\n<meta property=\"og:description\" content=\"Comment mesurer scientifiquement notre \u00e9quilibre au-del\u00e0 des promesses ? Dans une soci\u00e9t\u00e9 o\u00f9 l&#8217;injonction au bien-\u00eatre est omnipr\u00e9sente, il devient complexe de distinguer les v\u00e9ritables leviers d&#8217;une vie saine des simples tendances \u00e9ph\u00e9m\u00e8res. Les r\u00e9seaux sociaux v\u00e9hiculent souvent le mythe d&#8217;un \u00e9quilibre parfait, fait de routines matinales millim\u00e9tr\u00e9es et d&#8217;une gestion du stress infaillible. Cette [&hellip;]\" \/>\n<meta property=\"og:url\" content=\"https:\/\/everydayliving.be\/en\/adopter-un-mode-de-vie-equilibre-pour-une-meilleure-qualite-de-vie\/\" \/>\n<meta property=\"og:site_name\" content=\"EverydayLiving - Embrace the Extraordinary\" \/>\n<meta property=\"article:published_time\" content=\"2025-04-11T11:50:51+00:00\" \/>\n<meta property=\"article:modified_time\" content=\"2026-09-02T16:06:47+00:00\" \/>\n<meta property=\"og:image\" content=\"https:\/\/everydayliving.be\/wp-content\/uploads\/2025\/04\/unnamed-86-e1744372237835.png\" \/>\n\t<meta property=\"og:image:width\" content=\"1024\" \/>\n\t<meta property=\"og:image:height\" content=\"725\" \/>\n\t<meta property=\"og:image:type\" content=\"image\/png\" \/>\n<meta name=\"author\" content=\"info@kwizera.bi\" \/>\n<meta name=\"twitter:card\" content=\"summary_large_image\" \/>\n<meta name=\"twitter:label1\" content=\"Written by\" \/>\n\t<meta name=\"twitter:data1\" content=\"info@kwizera.bi\" \/>\n\t<meta name=\"twitter:label2\" content=\"Est. reading time\" \/>\n\t<meta name=\"twitter:data2\" content=\"4 minutes\" \/>\n<script type=\"application\/ld+json\" class=\"yoast-schema-graph\">{\"@context\":\"https:\/\/schema.org\",\"@graph\":[{\"@type\":\"Article\",\"@id\":\"https:\/\/everydayliving.be\/en\/adopter-un-mode-de-vie-equilibre-pour-une-meilleure-qualite-de-vie\/#article\",\"isPartOf\":{\"@id\":\"https:\/\/everydayliving.be\/en\/adopter-un-mode-de-vie-equilibre-pour-une-meilleure-qualite-de-vie\/\"},\"author\":{\"name\":\"info@kwizera.bi\",\"@id\":\"https:\/\/everydayliving.be\/en\/#\/schema\/person\/4971304cf7ea2deed717b970613b2507\"},\"headline\":\"Adopter un Mode de Vie \u00c9quilibr\u00e9 pour une Meilleure Qualit\u00e9 de Vie\",\"datePublished\":\"2025-04-11T11:50:51+00:00\",\"dateModified\":\"2026-09-02T16:06:47+00:00\",\"mainEntityOfPage\":{\"@id\":\"https:\/\/everydayliving.be\/en\/adopter-un-mode-de-vie-equilibre-pour-une-meilleure-qualite-de-vie\/\"},\"wordCount\":2144,\"commentCount\":0,\"publisher\":{\"@id\":\"https:\/\/everydayliving.be\/en\/#organization\"},\"image\":{\"@id\":\"https:\/\/everydayliving.be\/en\/adopter-un-mode-de-vie-equilibre-pour-une-meilleure-qualite-de-vie\/#primaryimage\"},\"thumbnailUrl\":\"https:\/\/everydayliving.be\/wp-content\/uploads\/2025\/04\/unnamed-86-e1744372237835.png\",\"articleSection\":[\"Bien-\u00eatre mental\",\"D\u00e9veloppement personnel\"],\"inLanguage\":\"en-US\",\"potentialAction\":[{\"@type\":\"CommentAction\",\"name\":\"Comment\",\"target\":[\"https:\/\/everydayliving.be\/en\/adopter-un-mode-de-vie-equilibre-pour-une-meilleure-qualite-de-vie\/#respond\"]}]},{\"@type\":\"WebPage\",\"@id\":\"https:\/\/everydayliving.be\/en\/adopter-un-mode-de-vie-equilibre-pour-une-meilleure-qualite-de-vie\/\",\"url\":\"https:\/\/everydayliving.be\/en\/adopter-un-mode-de-vie-equilibre-pour-une-meilleure-qualite-de-vie\/\",\"name\":\"Adopter un Mode de Vie \u00c9quilibr\u00e9 pour une Meilleure Qualit\u00e9 de Vie - EverydayLiving - Embrace the Extraordinary\",\"isPartOf\":{\"@id\":\"https:\/\/everydayliving.be\/en\/#website\"},\"primaryImageOfPage\":{\"@id\":\"https:\/\/everydayliving.be\/en\/adopter-un-mode-de-vie-equilibre-pour-une-meilleure-qualite-de-vie\/#primaryimage\"},\"image\":{\"@id\":\"https:\/\/everydayliving.be\/en\/adopter-un-mode-de-vie-equilibre-pour-une-meilleure-qualite-de-vie\/#primaryimage\"},\"thumbnailUrl\":\"https:\/\/everydayliving.be\/wp-content\/uploads\/2025\/04\/unnamed-86-e1744372237835.png\",\"datePublished\":\"2025-04-11T11:50:51+00:00\",\"dateModified\":\"2026-09-02T16:06:47+00:00\",\"breadcrumb\":{\"@id\":\"https:\/\/everydayliving.be\/en\/adopter-un-mode-de-vie-equilibre-pour-une-meilleure-qualite-de-vie\/#breadcrumb\"},\"inLanguage\":\"en-US\",\"potentialAction\":[{\"@type\":\"ReadAction\",\"target\":[\"https:\/\/everydayliving.be\/en\/adopter-un-mode-de-vie-equilibre-pour-une-meilleure-qualite-de-vie\/\"]}]},{\"@type\":\"ImageObject\",\"inLanguage\":\"en-US\",\"@id\":\"https:\/\/everydayliving.be\/en\/adopter-un-mode-de-vie-equilibre-pour-une-meilleure-qualite-de-vie\/#primaryimage\",\"url\":\"https:\/\/everydayliving.be\/wp-content\/uploads\/2025\/04\/unnamed-86-e1744372237835.png\",\"contentUrl\":\"https:\/\/everydayliving.be\/wp-content\/uploads\/2025\/04\/unnamed-86-e1744372237835.png\",\"width\":1024,\"height\":725,\"caption\":\"Vie \u00c9quilibr\u00e9 pour une Meilleure Qualit\u00e9 de Vie\"},{\"@type\":\"BreadcrumbList\",\"@id\":\"https:\/\/everydayliving.be\/en\/adopter-un-mode-de-vie-equilibre-pour-une-meilleure-qualite-de-vie\/#breadcrumb\",\"itemListElement\":[{\"@type\":\"ListItem\",\"position\":1,\"name\":\"Home\",\"item\":\"https:\/\/everydayliving.be\/en\/\"},{\"@type\":\"ListItem\",\"position\":2,\"name\":\"Adopter un Mode de Vie \u00c9quilibr\u00e9 pour une Meilleure Qualit\u00e9 de Vie\"}]},{\"@type\":\"WebSite\",\"@id\":\"https:\/\/everydayliving.be\/en\/#website\",\"url\":\"https:\/\/everydayliving.be\/en\/\",\"name\":\"EverydayLiving - Embrace the Extraordinary\",\"description\":\"\",\"publisher\":{\"@id\":\"https:\/\/everydayliving.be\/en\/#organization\"},\"potentialAction\":[{\"@type\":\"SearchAction\",\"target\":{\"@type\":\"EntryPoint\",\"urlTemplate\":\"https:\/\/everydayliving.be\/en\/?s={search_term_string}\"},\"query-input\":{\"@type\":\"PropertyValueSpecification\",\"valueRequired\":true,\"valueName\":\"search_term_string\"}}],\"inLanguage\":\"en-US\"},{\"@type\":\"Organization\",\"@id\":\"https:\/\/everydayliving.be\/en\/#organization\",\"name\":\"EverydayLiving - Embrace the Extraordinary\",\"url\":\"https:\/\/everydayliving.be\/en\/\",\"logo\":{\"@type\":\"ImageObject\",\"inLanguage\":\"en-US\",\"@id\":\"https:\/\/everydayliving.be\/en\/#\/schema\/logo\/image\/\",\"url\":\"https:\/\/everydayliving.be\/wp-content\/uploads\/2024\/11\/Rima-Reyes-1-1-removebg-preview.png\",\"contentUrl\":\"https:\/\/everydayliving.be\/wp-content\/uploads\/2024\/11\/Rima-Reyes-1-1-removebg-preview.png\",\"width\":500,\"height\":500,\"caption\":\"EverydayLiving - Embrace the Extraordinary\"},\"image\":{\"@id\":\"https:\/\/everydayliving.be\/en\/#\/schema\/logo\/image\/\"}},{\"@type\":\"Person\",\"@id\":\"https:\/\/everydayliving.be\/en\/#\/schema\/person\/4971304cf7ea2deed717b970613b2507\",\"name\":\"info@kwizera.bi\",\"image\":{\"@type\":\"ImageObject\",\"inLanguage\":\"en-US\",\"@id\":\"https:\/\/everydayliving.be\/en\/#\/schema\/person\/image\/\",\"url\":\"https:\/\/secure.gravatar.com\/avatar\/4b255983682351b7e77d4eac407a99eba8ae0c62610677afbc95111e673d4af9?s=96&d=mm&r=g\",\"contentUrl\":\"https:\/\/secure.gravatar.com\/avatar\/4b255983682351b7e77d4eac407a99eba8ae0c62610677afbc95111e673d4af9?s=96&d=mm&r=g\",\"caption\":\"info@kwizera.bi\"},\"url\":\"https:\/\/everydayliving.be\/en\/author\/infokwizera-bi\/\"}]}<\/script>\n<!-- \/ Yoast SEO plugin. -->","yoast_head_json":{"title":"Adopter un Mode de Vie \u00c9quilibr\u00e9 pour une Meilleure Qualit\u00e9 de Vie - EverydayLiving - Embrace the Extraordinary","robots":{"index":"index","follow":"follow","max-snippet":"max-snippet:-1","max-image-preview":"max-image-preview:large","max-video-preview":"max-video-preview:-1"},"canonical":"https:\/\/everydayliving.be\/en\/adopter-un-mode-de-vie-equilibre-pour-une-meilleure-qualite-de-vie\/","og_locale":"en_US","og_type":"article","og_title":"Adopter un Mode de Vie \u00c9quilibr\u00e9 pour une Meilleure Qualit\u00e9 de Vie - EverydayLiving - Embrace the Extraordinary","og_description":"Comment mesurer scientifiquement notre \u00e9quilibre au-del\u00e0 des promesses ? Dans une soci\u00e9t\u00e9 o\u00f9 l&#8217;injonction au bien-\u00eatre est omnipr\u00e9sente, il devient complexe de distinguer les v\u00e9ritables leviers d&#8217;une vie saine des simples tendances \u00e9ph\u00e9m\u00e8res. Les r\u00e9seaux sociaux v\u00e9hiculent souvent le mythe d&#8217;un \u00e9quilibre parfait, fait de routines matinales millim\u00e9tr\u00e9es et d&#8217;une gestion du stress infaillible. Cette [&hellip;]","og_url":"https:\/\/everydayliving.be\/en\/adopter-un-mode-de-vie-equilibre-pour-une-meilleure-qualite-de-vie\/","og_site_name":"EverydayLiving - Embrace the Extraordinary","article_published_time":"2025-04-11T11:50:51+00:00","article_modified_time":"2026-09-02T16:06:47+00:00","og_image":[{"width":1024,"height":725,"url":"https:\/\/everydayliving.be\/wp-content\/uploads\/2025\/04\/unnamed-86-e1744372237835.png","type":"image\/png"}],"author":"info@kwizera.bi","twitter_card":"summary_large_image","twitter_misc":{"Written by":"info@kwizera.bi","Est. reading time":"4 minutes"},"schema":{"@context":"https:\/\/schema.org","@graph":[{"@type":"Article","@id":"https:\/\/everydayliving.be\/en\/adopter-un-mode-de-vie-equilibre-pour-une-meilleure-qualite-de-vie\/#article","isPartOf":{"@id":"https:\/\/everydayliving.be\/en\/adopter-un-mode-de-vie-equilibre-pour-une-meilleure-qualite-de-vie\/"},"author":{"name":"info@kwizera.bi","@id":"https:\/\/everydayliving.be\/en\/#\/schema\/person\/4971304cf7ea2deed717b970613b2507"},"headline":"Adopter un Mode de Vie \u00c9quilibr\u00e9 pour une Meilleure Qualit\u00e9 de Vie","datePublished":"2025-04-11T11:50:51+00:00","dateModified":"2026-09-02T16:06:47+00:00","mainEntityOfPage":{"@id":"https:\/\/everydayliving.be\/en\/adopter-un-mode-de-vie-equilibre-pour-une-meilleure-qualite-de-vie\/"},"wordCount":2144,"commentCount":0,"publisher":{"@id":"https:\/\/everydayliving.be\/en\/#organization"},"image":{"@id":"https:\/\/everydayliving.be\/en\/adopter-un-mode-de-vie-equilibre-pour-une-meilleure-qualite-de-vie\/#primaryimage"},"thumbnailUrl":"https:\/\/everydayliving.be\/wp-content\/uploads\/2025\/04\/unnamed-86-e1744372237835.png","articleSection":["Bien-\u00eatre mental","D\u00e9veloppement personnel"],"inLanguage":"en-US","potentialAction":[{"@type":"CommentAction","name":"Comment","target":["https:\/\/everydayliving.be\/en\/adopter-un-mode-de-vie-equilibre-pour-une-meilleure-qualite-de-vie\/#respond"]}]},{"@type":"WebPage","@id":"https:\/\/everydayliving.be\/en\/adopter-un-mode-de-vie-equilibre-pour-une-meilleure-qualite-de-vie\/","url":"https:\/\/everydayliving.be\/en\/adopter-un-mode-de-vie-equilibre-pour-une-meilleure-qualite-de-vie\/","name":"Adopter un Mode de Vie \u00c9quilibr\u00e9 pour une Meilleure Qualit\u00e9 de Vie - EverydayLiving - Embrace the Extraordinary","isPartOf":{"@id":"https:\/\/everydayliving.be\/en\/#website"},"primaryImageOfPage":{"@id":"https:\/\/everydayliving.be\/en\/adopter-un-mode-de-vie-equilibre-pour-une-meilleure-qualite-de-vie\/#primaryimage"},"image":{"@id":"https:\/\/everydayliving.be\/en\/adopter-un-mode-de-vie-equilibre-pour-une-meilleure-qualite-de-vie\/#primaryimage"},"thumbnailUrl":"https:\/\/everydayliving.be\/wp-content\/uploads\/2025\/04\/unnamed-86-e1744372237835.png","datePublished":"2025-04-11T11:50:51+00:00","dateModified":"2026-09-02T16:06:47+00:00","breadcrumb":{"@id":"https:\/\/everydayliving.be\/en\/adopter-un-mode-de-vie-equilibre-pour-une-meilleure-qualite-de-vie\/#breadcrumb"},"inLanguage":"en-US","potentialAction":[{"@type":"ReadAction","target":["https:\/\/everydayliving.be\/en\/adopter-un-mode-de-vie-equilibre-pour-une-meilleure-qualite-de-vie\/"]}]},{"@type":"ImageObject","inLanguage":"en-US","@id":"https:\/\/everydayliving.be\/en\/adopter-un-mode-de-vie-equilibre-pour-une-meilleure-qualite-de-vie\/#primaryimage","url":"https:\/\/everydayliving.be\/wp-content\/uploads\/2025\/04\/unnamed-86-e1744372237835.png","contentUrl":"https:\/\/everydayliving.be\/wp-content\/uploads\/2025\/04\/unnamed-86-e1744372237835.png","width":1024,"height":725,"caption":"Vie \u00c9quilibr\u00e9 pour une Meilleure Qualit\u00e9 de Vie"},{"@type":"BreadcrumbList","@id":"https:\/\/everydayliving.be\/en\/adopter-un-mode-de-vie-equilibre-pour-une-meilleure-qualite-de-vie\/#breadcrumb","itemListElement":[{"@type":"ListItem","position":1,"name":"Home","item":"https:\/\/everydayliving.be\/en\/"},{"@type":"ListItem","position":2,"name":"Adopter un Mode de Vie \u00c9quilibr\u00e9 pour une Meilleure Qualit\u00e9 de Vie"}]},{"@type":"WebSite","@id":"https:\/\/everydayliving.be\/en\/#website","url":"https:\/\/everydayliving.be\/en\/","name":"EverydayLiving - Embrace the Extraordinary","description":"","publisher":{"@id":"https:\/\/everydayliving.be\/en\/#organization"},"potentialAction":[{"@type":"SearchAction","target":{"@type":"EntryPoint","urlTemplate":"https:\/\/everydayliving.be\/en\/?s={search_term_string}"},"query-input":{"@type":"PropertyValueSpecification","valueRequired":true,"valueName":"search_term_string"}}],"inLanguage":"en-US"},{"@type":"Organization","@id":"https:\/\/everydayliving.be\/en\/#organization","name":"EverydayLiving - Embrace the Extraordinary","url":"https:\/\/everydayliving.be\/en\/","logo":{"@type":"ImageObject","inLanguage":"en-US","@id":"https:\/\/everydayliving.be\/en\/#\/schema\/logo\/image\/","url":"https:\/\/everydayliving.be\/wp-content\/uploads\/2024\/11\/Rima-Reyes-1-1-removebg-preview.png","contentUrl":"https:\/\/everydayliving.be\/wp-content\/uploads\/2024\/11\/Rima-Reyes-1-1-removebg-preview.png","width":500,"height":500,"caption":"EverydayLiving - Embrace the Extraordinary"},"image":{"@id":"https:\/\/everydayliving.be\/en\/#\/schema\/logo\/image\/"}},{"@type":"Person","@id":"https:\/\/everydayliving.be\/en\/#\/schema\/person\/4971304cf7ea2deed717b970613b2507","name":"info@kwizera.bi","image":{"@type":"ImageObject","inLanguage":"en-US","@id":"https:\/\/everydayliving.be\/en\/#\/schema\/person\/image\/","url":"https:\/\/secure.gravatar.com\/avatar\/4b255983682351b7e77d4eac407a99eba8ae0c62610677afbc95111e673d4af9?s=96&d=mm&r=g","contentUrl":"https:\/\/secure.gravatar.com\/avatar\/4b255983682351b7e77d4eac407a99eba8ae0c62610677afbc95111e673d4af9?s=96&d=mm&r=g","caption":"info@kwizera.bi"},"url":"https:\/\/everydayliving.be\/en\/author\/infokwizera-bi\/"}]}},"_links":{"self":[{"href":"https:\/\/everydayliving.be\/en\/wp-json\/wp\/v2\/posts\/837","targetHints":{"allow":["GET"]}}],"collection":[{"href":"https:\/\/everydayliving.be\/en\/wp-json\/wp\/v2\/posts"}],"about":[{"href":"https:\/\/everydayliving.be\/en\/wp-json\/wp\/v2\/types\/post"}],"author":[{"embeddable":true,"href":"https:\/\/everydayliving.be\/en\/wp-json\/wp\/v2\/users\/2"}],"replies":[{"embeddable":true,"href":"https:\/\/everydayliving.be\/en\/wp-json\/wp\/v2\/comments?post=837"}],"version-history":[{"count":2,"href":"https:\/\/everydayliving.be\/en\/wp-json\/wp\/v2\/posts\/837\/revisions"}],"predecessor-version":[{"id":1427,"href":"https:\/\/everydayliving.be\/en\/wp-json\/wp\/v2\/posts\/837\/revisions\/1427"}],"wp:featuredmedia":[{"embeddable":true,"href":"https:\/\/everydayliving.be\/en\/wp-json\/wp\/v2\/media\/838"}],"wp:attachment":[{"href":"https:\/\/everydayliving.be\/en\/wp-json\/wp\/v2\/media?parent=837"}],"wp:term":[{"taxonomy":"category","embeddable":true,"href":"https:\/\/everydayliving.be\/en\/wp-json\/wp\/v2\/categories?post=837"},{"taxonomy":"post_tag","embeddable":true,"href":"https:\/\/everydayliving.be\/en\/wp-json\/wp\/v2\/tags?post=837"}],"curies":[{"name":"wp","href":"https:\/\/api.w.org\/{rel}","templated":true}]}}