{"id":673,"date":"2025-02-26T16:23:39","date_gmt":"2025-02-26T16:23:39","guid":{"rendered":"https:\/\/everydayliving.be\/?p=673"},"modified":"2026-07-17T19:21:14","modified_gmt":"2026-07-17T19:21:14","slug":"accompagner-les-enfants-dans-leur-apprentissage-et-leur-epanouissement","status":"publish","type":"post","link":"https:\/\/everydayliving.be\/en\/accompagner-les-enfants-dans-leur-apprentissage-et-leur-epanouissement\/","title":{"rendered":"Accompagner les enfants dans leur apprentissage et leur \u00e9panouissement"},"content":{"rendered":"<h2>La Fin du Mythe du Parent-Professeur<\/h2>\n<p>L&#8217;image du parent id\u00e9al, s&#8217;asseyant chaque soir pour expliquer patiemment des th\u00e9or\u00e8mes math\u00e9matiques ou des r\u00e8gles de grammaire complexes, a la vie dure. Ce mythe du parent-professeur engendre une pression consid\u00e9rable au sein des foyers.<\/p>\n<p>Accompagner l&#8217;apprentissage d&#8217;un enfant ne se r\u00e9sume plus \u00e0 surveiller \u00e9troitement ses devoirs, mais \u00e0 orchestrer un \u00e9cosyst\u00e8me \u00e9ducatif global. La r\u00e9alit\u00e9 contemporaine exige de repenser cette dynamique pour pr\u00e9server l&#8217;\u00e9quilibre familial.<\/p>\n<p>L&#8217;\u00e9panouissement d&#8217;un enfant se joue en effet \u00e0 l&#8217;intersection de son bien-\u00eatre psychologique et d&#8217;un suivi scolaire qui ne doit plus \u00eatre synonyme de souffrance parentale. Lorsque la maison se transforme en une annexe stricte de la salle de classe, les tensions \u00e9mergent et la relation de confiance peut s&#8217;effriter.<\/p>\n<p>Il est temps de d\u00e9construire cette attente irr\u00e9aliste. La r\u00e9ussite \u00e9ducative repose sur une r\u00e9partition plus juste de la charge mentale, souvent encore tr\u00e8s genr\u00e9e, et sur une d\u00e9culpabilisation face au recours aux aides externes. En recentrant l&#8217;attention sur les besoins psychologiques fondamentaux de l&#8217;enfant, l&#8217;accompagnement devient un levier d&#8217;autonomie plut\u00f4t qu&#8217;un contr\u00f4le acad\u00e9mique anxiog\u00e8ne.<\/p>\n<h2>Points cl\u00e9s \u00e0 retenir<\/h2>\n<h3>L&#8217;essentiel de l&#8217;accompagnement \u00e9ducatif<\/h3>\n<p>Pour repenser le r\u00f4le \u00e9ducatif \u00e0 la maison, voici les \u00e9l\u00e9ments majeurs \u00e0 consid\u00e9rer :<\/p>\n<ul>\n<li><strong>Red\u00e9finition du r\u00f4le parental<\/strong> : L&#8217;objectif n&#8217;est pas de tutorer, mais de cr\u00e9er des conditions favorables \u00e0 l&#8217;apprentissage et \u00e0 l&#8217;autonomie.<\/li>\n<li><strong>In\u00e9galit\u00e9s de genre<\/strong> : Les m\u00e8res portent encore la majorit\u00e9 de la charge mentale li\u00e9e au suivi scolaire, une dynamique qui n\u00e9cessite un r\u00e9\u00e9quilibrage au sein de la coparentalit\u00e9.<\/li>\n<li><strong>L\u00e9gitimit\u00e9 de l&#8217;aide externe<\/strong> : L&#8217;utilisation des \u00e9coles de devoirs se normalise, offrant une solution efficace pour pr\u00e9server le climat familial et l&#8217;estime de soi de l&#8217;enfant.<\/li>\n<li><strong>Besoins fondamentaux<\/strong> : L&#8217;\u00e9panouissement d\u00e9passe le cadre scolaire et repose sur une matrice de besoins psychologiques (s\u00e9curit\u00e9, amour inconditionnel, accompagnement des souffrances).<\/li>\n<\/ul>\n<h2>Devoirs \u00e0 la maison : Pourquoi l&#8217;accompagnement scolaire n&#8217;est pas du tutorat<\/h2>\n<h3>Cr\u00e9er des ponts plut\u00f4t que r\u00e9citer<\/h3>\n<p>La confusion entre le r\u00f4le d&#8217;enseignant et celui de parent est une source majeure d&#8217;\u00e9puisement. Selon l&#8217;Union des F\u00e9d\u00e9rations des Associations de Parents de l&#8217;Enseignement Catholique (Ufapec, 2014), accompagner votre enfant dans sa scolarit\u00e9, c&#8217;est l&#8217;encourager dans sa d\u00e9couverte de la lecture et de l&#8217;\u00e9criture et dans sa recherche d&#8217;autonomie. Dans l&#8217;id\u00e9al, accompagner le travail scolaire de son enfant, ce n&#8217;est pas seulement lui faire r\u00e9citer ses le\u00e7ons, mais construire des ponts entre les savoirs. Le foyer doit rester un espace de consolidation indirecte, o\u00f9 l&#8217;on valorise la m\u00e9thode de recherche plut\u00f4t que l&#8217;exactitude absolue de la r\u00e9ponse.<\/p>\n<h3>La posture d&#8217;adaptation parentale<\/h3>\n<p>L&#8217;acquisition des connaissances n\u00e9cessite une approche p\u00e9dagogique sp\u00e9cifique que les parents n&#8217;ont pas l&#8217;obligation de ma\u00eetriser. Comme le rappelle Howard Gardner, professeur de psychologie \u00e0 l&#8217;Universit\u00e9 Harvard : \u00ab l&#8217;homme est le seul animal qui enseigne des comportements \u00e0 ses enfants en se mettant \u00e0 leur port\u00e9e \u00bb. Cette adaptation constante demande une \u00e9nergie \u00e9motionnelle importante.<\/p>\n<p>Plut\u00f4t que d&#8217;endosser le costume d&#8217;instructeur, le parent gagne \u00e0 devenir l&#8217;orchestrateur d&#8217;une <strong>ambiance studieuse<\/strong>. Il s&#8217;agit de fournir un cadre spatio-temporel calme, de s&#8217;assurer que le mat\u00e9riel est disponible et de manifester un int\u00e9r\u00eat pour les sujets abord\u00e9s. Ce positionnement permet de baisser la pression acad\u00e9mique imm\u00e9diate. En instaurant un dialogue sur ce que l&#8217;enfant a trouv\u00e9 int\u00e9ressant ou difficile dans sa journ\u00e9e, le parent favorise l&#8217;int\u00e9gration des savoirs sans se substituer \u00e0 la figure de l&#8217;enseignant.<\/p>\n<h2>Le syndrome de l&#8217;imposteur \u00e9ducatif : Faut-il avoir fait des \u00e9tudes pour aider son enfant ?<\/h2>\n<h3>Un sentiment d&#8217;incomp\u00e9tence syst\u00e9mique<\/h3>\n<p>L&#8217;anxi\u00e9t\u00e9 face \u00e0 la complexit\u00e9 croissante des programmes scolaires touche une grande proportion des familles. Une analyse de l&#8217;Ufapec (2014) r\u00e9v\u00e8le que, d\u00e8s l&#8217;\u00e9cole primaire, un parent sur cinq a l&#8217;impression de ne pas avoir les connaissances n\u00e9cessaires pour aider son enfant. Ce chiffre grimpe \u00e0 plus de 50% chez les m\u00e8res peu dipl\u00f4m\u00e9es.<\/p>\n<p>Ce sentiment d&#8217;imposture p\u00e8se lourdement sur l&#8217;\u00e9panouissement familial. Il g\u00e9n\u00e8re un stress qui se transmet in\u00e9vitablement \u00e0 l&#8217;enfant lors des sessions de devoirs.<\/p>\n<h3>L&#8217;alternative par la curiosit\u00e9 naturelle<\/h3>\n<p>Il n&#8217;est pourtant pas indispensable de ma\u00eetriser le programme d&#8217;histoire ou les math\u00e9matiques avanc\u00e9es pour soutenir un parcours scolaire. L&#8217;encouragement de la curiosit\u00e9 naturelle de l&#8217;enfant constitue une alternative bien plus puissante \u00e0 la transmission de connaissances acad\u00e9miques pures. Les enfants poss\u00e8dent un d\u00e9sir inn\u00e9 de comprendre leur environnement.<\/p>\n<p>Les adultes peuvent nourrir ce moteur d&#8217;apprentissage de plusieurs mani\u00e8res :<\/p>\n<ul>\n<li>En proposant des sorties exploratoires (mus\u00e9es, nature) pour \u00e9largir les horizons.<\/li>\n<li>En r\u00e9pondant aux questions par d&#8217;autres questions, guidant ainsi la r\u00e9flexion personnelle.<\/li>\n<li>En valorisant le processus d&#8217;erreur comme une \u00e9tape normale et constructive.<\/li>\n<\/ul>\n<p>En montrant eux-m\u00eames de l&#8217;enthousiasme pour la d\u00e9couverte, les parents incitent les plus jeunes \u00e0 <a href=\"https:\/\/everydayliving.be\/en\/comment-developper-une-mentalite-positive-au-quotidien\/\">d\u00e9velopper une attitude similaire<\/a>. Cette soif d&#8217;apprendre outille l&#8217;enfant pour devenir un apprenant autonome, rendant le bagage acad\u00e9mique initial des parents secondaire.<\/p>\n<h2>Charge mentale et genre : Qui accompagne vraiment les enfants (et comment s&#8217;en lib\u00e9rer) ?<\/h2>\n<h3>La fracture genr\u00e9e du soutien scolaire<\/h3>\n<p>Malgr\u00e9 les \u00e9volutions soci\u00e9tales, le suivi scolaire reste un domaine o\u00f9 les in\u00e9galit\u00e9s au sein de la coparentalit\u00e9 sont flagrantes. Les statistiques de l&#8217;Ufapec (2014) indiquent que les m\u00e8res demeurent majoritairement celles qui s&#8217;impliquent le plus au quotidien dans le suivi scolaire. Cette gestion des devoirs s&#8217;ajoute \u00e0 une charge mentale \u00e9ducative d\u00e9j\u00e0 lourde, transformant les fins de journ\u00e9e en courses contre la montre.<\/p>\n<h3>Divergences de perception sur la d\u00e9l\u00e9gation<\/h3>\n<p>L&#8217;analyse des comportements face aux devoirs met en lumi\u00e8re une fracture dans la mani\u00e8re d&#8217;envisager la responsabilit\u00e9 \u00e9ducative. Les donn\u00e9es de l&#8217;Ufapec (2014) montrent que les hommes sont 70% \u00e0 pr\u00e9f\u00e9rer qu&#8217;un enseignant aide leurs enfants, contre 50% des femmes qui estiment que c&#8217;est prioritairement leur r\u00f4le. Cette diff\u00e9rence de perception entrave souvent la mise en place de solutions de soutien externes.<\/p>\n<h3>Comparatif des dynamiques face aux devoirs<\/h3>\n<p>Pour mieux cerner cette asym\u00e9trie et ses cons\u00e9quences, voici une lecture structurelle des positionnements au sein du foyer :<\/p>\n<table class=\"wp-table\">\n<tr>\n<th>Profil observ\u00e9<\/th>\n<th>Vision du r\u00f4le \u00e9ducatif<\/th>\n<th>Intervenant privil\u00e9gi\u00e9<\/th>\n<th>Implication quotidienne<\/th>\n<\/tr>\n<tr>\n<td>P\u00e8re statistique<\/td>\n<td>Approche de d\u00e9l\u00e9gation<\/td>\n<td>Enseignant ou tiers (70%)<\/td>\n<td>Souvent secondaire<\/td>\n<\/tr>\n<tr>\n<td>M\u00e8re statistique<\/td>\n<td>Devoir maternel internalis\u00e9<\/td>\n<td>Elle-m\u00eame (50%)<\/td>\n<td>Majoritaire et continue<\/td>\n<\/tr>\n<tr>\n<td>R\u00e9alit\u00e9 de l&#8217;enfant<\/td>\n<td>Besoin de s\u00e9curit\u00e9 affective<\/td>\n<td>Accompagnant neutre<\/td>\n<td>Impact\u00e9e par les tensions<\/td>\n<\/tr>\n<\/table>\n<p>La lib\u00e9ration de cette charge mentale passe n\u00e9cessairement par une red\u00e9finition du r\u00f4le coparental. Il est essentiel de reconna\u00eetre que l&#8217;externalisation n&#8217;est pas un \u00e9chec du r\u00f4le maternel, mais une strat\u00e9gie valide pour restaurer la qualit\u00e9 du temps pass\u00e9 ensemble le soir.<\/p>\n<h2>D\u00e9l\u00e9guer sans culpabiliser : Le r\u00f4le cl\u00e9 des \u00e9coles de devoirs en Belgique<\/h2>\n<h3>Une pratique en pleine normalisation<\/h3>\n<p>Pour d\u00e9samorcer les conflits de fin de journ\u00e9e, de nombreuses familles se tournent vers des structures sp\u00e9cialis\u00e9es. En Belgique, selon l&#8217;Ufapec (2014), on observe qu&#8217;un parent sur huit fait appel \u00e0 du soutien scolaire ou des \u00e9coles de devoirs pour ses enfants. Cette proportion t\u00e9moigne d&#8217;une volont\u00e9 pragmatique de prot\u00e9ger la relation parent-enfant des frictions acad\u00e9miques. D\u00e9l\u00e9guer l&#8217;heure des le\u00e7ons permet de dissocier le domicile de l&#8217;espace d&#8217;\u00e9valuation.<\/p>\n<h3>Une aspiration \u00e9ducative l\u00e9gitime<\/h3>\n<p>L&#8217;utilisation de ces aides externes est encore parfois frein\u00e9e par un sentiment de culpabilit\u00e9, particuli\u00e8rement chez les parents estimant devoir assumer cette t\u00e2che seuls. Pourtant, la chercheuse en sciences de l&#8217;\u00e9ducation Maria do C\u00e9u Cunha souligne : \u00ab une forte aspiration des parents : faire b\u00e9n\u00e9ficier leurs enfants d&#8217;une aide \u00e9ducative&#8230; l&#8217;accompagnement scolaire semble avoir trouv\u00e9 une vraie l\u00e9gitimit\u00e9 \u00bb.<\/p>\n<h3>La pr\u00e9servation de l&#8217;estime de soi<\/h3>\n<p>L&#8217;externalisation agit comme un v\u00e9ritable outil de management familial. Elle offre \u00e0 l&#8217;enfant l&#8217;opportunit\u00e9 de :<\/p>\n<ul>\n<li>Collaborer avec des intervenants non investis \u00e9motionnellement dans ses r\u00e9sultats.<\/li>\n<li>Structurer son travail dans un temps d\u00e9fini.<\/li>\n<li>S\u00e9parer clairement l&#8217;espace scolaire de l&#8217;espace familial.<\/li>\n<\/ul>\n<p>En rentrant \u00e0 la maison avec ses obligations scolaires remplies, l&#8217;enfant retrouve des parents disponibles pour des interactions positives, pr\u00e9servant ainsi l&#8217;estime de soi de chacun.<\/p>\n<h2>Au-del\u00e0 de l&#8217;\u00e9cole : La matrice des 5 besoins fondamentaux pour l&#8217;\u00e9panouissement<\/h2>\n<h3>L&#8217;int\u00e9gration de la psychologie infantile<\/h3>\n<p>L&#8217;\u00e9cole ne repr\u00e9sente qu&#8217;une seule facette du d\u00e9veloppement de l&#8217;enfant. Son \u00e9panouissement global exige de nourrir des dimensions psychologiques bien plus profondes.<\/p>\n<p>L&#8217;institut PRH (Personnalit\u00e9 et Relations Humaines) Belgique propose un cadre structur\u00e9 pour aborder la croissance infantile au-del\u00e0 des r\u00e9sultats scolaires, articul\u00e9 autour de cinq besoins fondamentaux.<\/p>\n<h3>Les piliers du d\u00e9veloppement \u00e9motionnel et cognitif<\/h3>\n<p>En croisant cette approche psychologique avec les vecteurs naturels d&#8217;apprentissage comme le jeu et l&#8217;estime personnelle, il est possible d&#8217;\u00e9tablir une grille d&#8217;\u00e9valuation pratique pour les parents :<\/p>\n<ul>\n<li><strong>Le besoin d&#8217;\u00eatre aim\u00e9 pour soi<\/strong> : L&#8217;amour et l&#8217;acceptation ne doivent jamais \u00eatre conditionn\u00e9s par les bulletins de notes. C\u00e9l\u00e9brer les r\u00e9ussites, m\u00eame mineures, et valoriser les efforts personnels consolident le socle de l&#8217;estime de soi.<\/li>\n<li><strong>Le besoin de s\u00e9curit\u00e9<\/strong> : Un enfant doit se sentir libre d&#8217;explorer, de poser des questions et de faire des erreurs sans crainte de moqueries. La s\u00e9curit\u00e9 affective permet la prise de risque n\u00e9cessaire \u00e0 toute \u00e9volution.<\/li>\n<li><strong>Le besoin d&#8217;apprentissages<\/strong> : Ce pilier trouve un \u00e9cho direct dans le <strong>jeu cognitif<\/strong>. Qu&#8217;il s&#8217;agisse de construction spatiale ou de jeux de soci\u00e9t\u00e9, l&#8217;activit\u00e9 ludique d\u00e9veloppe la logique, la strat\u00e9gie et la r\u00e9solution de probl\u00e8mes en dehors de tout cadre scolaire contraignant.<\/li>\n<li><strong>Le besoin d&#8217;\u00eatre aid\u00e9 \u00e0 devenir soi<\/strong> : Accompagner l&#8217;autonomie consiste \u00e0 laisser l&#8217;enfant prendre des d\u00e9cisions adapt\u00e9es \u00e0 son \u00e2ge. L&#8217;exp\u00e9rimentation de r\u00f4les \u00e0 travers le jeu libre participe directement \u00e0 la formation de son identit\u00e9.<\/li>\n<li><strong>Le besoin d&#8217;\u00eatre accompagn\u00e9 dans ses souffrances<\/strong> : Face aux \u00e9checs scolaires ou aux frustrations sociales, le r\u00f4le du parent est d&#8217;aider l&#8217;enfant \u00e0 verbaliser ses \u00e9motions et \u00e0 analyser la situation, lui enseignant ainsi la r\u00e9silience.<\/li>\n<\/ul>\n<p>Cette matrice permet aux familles de d\u00e9placer le curseur de la performance acad\u00e9mique vers un accompagnement centr\u00e9 sur l&#8217;\u00e9quilibre structurel de l&#8217;enfant.<\/p>\n<h2>Foire Aux Questions (FAQ) sur l&#8217;Accompagnement \u00c9ducatif<\/h2>\n<h3>Que faire si je ne comprends pas les devoirs de mon enfant ?<\/h3>\n<p>Il est judicieux de l&#8217;admettre ouvertement et de transformer cette situation en un exercice de recherche conjointe. L&#8217;enfant peut expliquer la m\u00e9thodologie vue en classe, ce qui renforce sa m\u00e9morisation. Si le blocage persiste, signalez-le \u00e0 l&#8217;enseignant via le journal de classe. Le r\u00f4le du parent est de certifier que l&#8217;effort a \u00e9t\u00e9 fourni, pas de garantir l&#8217;exactitude de l&#8217;exercice.<\/p>\n<h3>\u00c0 quel \u00e2ge un enfant doit-il \u00eatre autonome dans ses apprentissages ?<\/h3>\n<p>L&#8217;autonomie n&#8217;appara\u00eet pas \u00e0 un \u00e2ge pr\u00e9cis, c&#8217;est un processus graduel. En d\u00e9but de primaire, l&#8217;accompagnement doit \u00eatre rapproch\u00e9 pour instaurer des routines. Vers la fin du cycle primaire (10-12 ans), l&#8217;intervention parentale devrait id\u00e9alement se limiter \u00e0 la v\u00e9rification de l&#8217;organisation mat\u00e9rielle et \u00e0 la r\u00e9citation si l&#8217;enfant en fait la demande.<\/p>\n<h3>Les \u00e9coles de devoirs sont-elles r\u00e9serv\u00e9es aux \u00e9l\u00e8ves en difficult\u00e9 ?<\/h3>\n<p>Absolument pas. Ces structures accueillent des profils tr\u00e8s vari\u00e9s. De nombreuses familles s&#8217;y tournent simplement pour offrir un cadre de travail neutre, r\u00e9gulier et exempt de tensions affectives, favorisant ainsi une s\u00e9paration saine entre la sph\u00e8re scolaire et la vie de famille.<\/p>\n<h2>Conclusion : Vers une parentalit\u00e9 de l&#8217;orchestration<\/h2>\n<p>L&#8217;\u00e9volution des syst\u00e8mes \u00e9ducatifs laisse pr\u00e9sager que l&#8217;injonction \u00e0 la performance continuera de s&#8217;intensifier. Dans ce contexte, l&#8217;\u00e9cole de demain exigera paradoxalement que le domicile redevienne un pur lieu de s\u00e9curit\u00e9 affective, fermement d\u00e9lest\u00e9 de la pression acad\u00e9mique brute. Le r\u00f4le de parent \u00e9ducateur s&#8217;oriente in\u00e9vitablement vers une posture d&#8217;orchestration.<\/p>\n<p>Il s&#8217;agira de moins en moins de transmettre un savoir disciplinaire, mais plut\u00f4t de tisser un r\u00e9seau de soutiens autour de l&#8217;enfant, en mobilisant les bonnes ressources au bon moment. En acceptant cette transition, les familles se redonnent le droit de privil\u00e9gier la relation et la transmission de valeurs fondamentales, laissant la charge de l&#8217;instruction \u00e0 l&#8217;institution scolaire et \u00e0 ses relais.<\/p>\n<p><script type=\"application\/ld+json\">[{\"@context\": \"https:\/\/schema.org\", \"@type\": \"Article\", \"headline\": \"Accompagner l'\u00c9panouissement de ses Enfants : Finir le Mythe du Parent-Professeur\", \"description\": \"Comment accompagner vos enfants dans leurs apprentissages sans s'\u00e9puiser ? D\u00e9couvrez la r\u00e9alit\u00e9 de la charge mentale scolaire, l'aide externe et les 5 besoins psychologiques cl\u00e9s.\", \"wordCount\": 1869, \"inLanguage\": \"fr\", \"url\": \"https:\/\/everydayliving.be\/accompagner-les-enfants-dans-leur-apprentissage-et-leur-epanouissement\/\", \"dateModified\": \"2026-07-15T16:55:47.832457+00:00\"}, {\"@context\": \"https:\/\/schema.org\", \"@type\": \"FAQPage\", \"mainEntity\": [{\"@type\": \"Question\", \"name\": \"Le syndrome de l'imposteur \u00e9ducatif : Faut-il avoir fait des \u00e9tudes pour aider son enfant ?\", \"acceptedAnswer\": {\"@type\": \"Answer\", \"text\": \"### Un sentiment d'incomp\u00e9tence syst\u00e9mique\"}}, {\"@type\": \"Question\", \"name\": \"Charge mentale et genre : Qui accompagne vraiment les enfants (et comment s'en lib\u00e9rer) ?\", \"acceptedAnswer\": {\"@type\": \"Answer\", \"text\": \"<!-- genre:analysis_pov -->\\n### La fracture genr\u00e9e du soutien scolaire\"}}, {\"@type\": \"Question\", \"name\": \"Que faire si je ne comprends pas les devoirs de mon enfant ?\", \"acceptedAnswer\": {\"@type\": \"Answer\", \"text\": \"Il est judicieux de l'admettre ouvertement et de transformer cette situation en un exercice de recherche conjointe. L'enfant peut expliquer la m\u00e9thodologie vue en classe, ce qui renforce sa m\u00e9morisation. Si le blocage persiste, signalez-le \u00e0 l'enseignant via le journal de classe. Le r\u00f4le du parent est de certifier que l'effort a \u00e9t\u00e9 fourni, pas de garantir l'exactitude de l'exercice.\"}}, {\"@type\": \"Question\", \"name\": \"\u00c0 quel \u00e2ge un enfant doit-il \u00eatre autonome dans ses apprentissages ?\", \"acceptedAnswer\": {\"@type\": \"Answer\", \"text\": \"L'autonomie n'appara\u00eet pas \u00e0 un \u00e2ge pr\u00e9cis, c'est un processus graduel. En d\u00e9but de primaire, l'accompagnement doit \u00eatre rapproch\u00e9 pour instaurer des routines. Vers la fin du cycle primaire (10-12 ans), l'intervention parentale devrait id\u00e9alement se limiter \u00e0 la v\u00e9rification de l'organisation mat\u00e9rielle et \u00e0 la r\u00e9citation si l'enfant en fait la demande.\"}}, {\"@type\": \"Question\", \"name\": \"Les \u00e9coles de devoirs sont-elles r\u00e9serv\u00e9es aux \u00e9l\u00e8ves en difficult\u00e9 ?\", \"acceptedAnswer\": {\"@type\": \"Answer\", \"text\": \"Absolument pas. Ces structures accueillent des profils tr\u00e8s vari\u00e9s. De nombreuses familles s'y tournent simplement pour offrir un cadre de travail neutre, r\u00e9gulier et exempt de tensions affectives, favorisant ainsi une s\u00e9paration saine entre la sph\u00e8re scolaire et la vie de famille.\"}}]}]<\/script><\/p>\n","protected":false},"excerpt":{"rendered":"<p>Guide les enfants dans leur apprentissage et \u00e9panouissement avec des m\u00e9thodes adapt\u00e9es, favorisant curiosit\u00e9, confiance en soi et d\u00e9veloppement personnel.<\/p>\n","protected":false},"author":2,"featured_media":741,"comment_status":"open","ping_status":"open","sticky":false,"template":"","format":"standard","meta":{"inline_featured_image":false,"footnotes":""},"categories":[26],"tags":[],"class_list":["post-673","post","type-post","status-publish","format-standard","has-post-thumbnail","hentry","category-education-des-enfants"],"yoast_head":"<!-- This site is optimized with the Yoast SEO plugin v24.6 - https:\/\/yoast.com\/wordpress\/plugins\/seo\/ -->\n<title>Accompagner les enfants dans leur apprentissage et leur \u00e9panouissement - EverydayLiving - Embrace the Extraordinary<\/title>\n<meta name=\"robots\" content=\"index, follow, max-snippet:-1, max-image-preview:large, max-video-preview:-1\" \/>\n<link rel=\"canonical\" href=\"https:\/\/everydayliving.be\/en\/accompagner-les-enfants-dans-leur-apprentissage-et-leur-epanouissement\/\" \/>\n<meta property=\"og:locale\" content=\"en_US\" \/>\n<meta property=\"og:type\" content=\"article\" \/>\n<meta property=\"og:title\" content=\"Accompagner les enfants dans leur apprentissage et leur \u00e9panouissement - EverydayLiving - Embrace the Extraordinary\" \/>\n<meta property=\"og:description\" content=\"Guide les enfants dans leur apprentissage et \u00e9panouissement avec des m\u00e9thodes adapt\u00e9es, favorisant curiosit\u00e9, confiance en soi et d\u00e9veloppement personnel.\" \/>\n<meta property=\"og:url\" content=\"https:\/\/everydayliving.be\/en\/accompagner-les-enfants-dans-leur-apprentissage-et-leur-epanouissement\/\" \/>\n<meta property=\"og:site_name\" content=\"EverydayLiving - Embrace the Extraordinary\" \/>\n<meta property=\"article:published_time\" content=\"2025-02-26T16:23:39+00:00\" \/>\n<meta property=\"article:modified_time\" content=\"2026-07-17T19:21:14+00:00\" \/>\n<meta property=\"og:image\" content=\"https:\/\/everydayliving.be\/wp-content\/uploads\/2025\/02\/fabianct__Accompagner_les_enfants_dans_leur_apprentissage_et_le_126f01d9-81b9-4c00-90ae-3e3ab6ea2e42.webp\" \/>\n\t<meta property=\"og:image:width\" content=\"1310\" \/>\n\t<meta property=\"og:image:height\" content=\"873\" \/>\n\t<meta property=\"og:image:type\" content=\"image\/webp\" \/>\n<meta name=\"author\" content=\"info@kwizera.bi\" \/>\n<meta name=\"twitter:card\" content=\"summary_large_image\" \/>\n<meta name=\"twitter:label1\" content=\"Written by\" \/>\n\t<meta name=\"twitter:data1\" content=\"info@kwizera.bi\" \/>\n\t<meta name=\"twitter:label2\" content=\"Est. reading time\" \/>\n\t<meta name=\"twitter:data2\" content=\"8 minutes\" \/>\n<script type=\"application\/ld+json\" class=\"yoast-schema-graph\">{\"@context\":\"https:\/\/schema.org\",\"@graph\":[{\"@type\":\"Article\",\"@id\":\"https:\/\/everydayliving.be\/en\/accompagner-les-enfants-dans-leur-apprentissage-et-leur-epanouissement\/#article\",\"isPartOf\":{\"@id\":\"https:\/\/everydayliving.be\/en\/accompagner-les-enfants-dans-leur-apprentissage-et-leur-epanouissement\/\"},\"author\":{\"name\":\"info@kwizera.bi\",\"@id\":\"https:\/\/everydayliving.be\/en\/#\/schema\/person\/4971304cf7ea2deed717b970613b2507\"},\"headline\":\"Accompagner les enfants dans leur apprentissage et leur \u00e9panouissement\",\"datePublished\":\"2025-02-26T16:23:39+00:00\",\"dateModified\":\"2026-07-17T19:21:14+00:00\",\"mainEntityOfPage\":{\"@id\":\"https:\/\/everydayliving.be\/en\/accompagner-les-enfants-dans-leur-apprentissage-et-leur-epanouissement\/\"},\"wordCount\":2201,\"commentCount\":0,\"publisher\":{\"@id\":\"https:\/\/everydayliving.be\/en\/#organization\"},\"image\":{\"@id\":\"https:\/\/everydayliving.be\/en\/accompagner-les-enfants-dans-leur-apprentissage-et-leur-epanouissement\/#primaryimage\"},\"thumbnailUrl\":\"https:\/\/everydayliving.be\/wp-content\/uploads\/2025\/02\/fabianct__Accompagner_les_enfants_dans_leur_apprentissage_et_le_126f01d9-81b9-4c00-90ae-3e3ab6ea2e42.webp\",\"articleSection\":[\"\u00c9ducation des enfants\"],\"inLanguage\":\"en-US\",\"potentialAction\":[{\"@type\":\"CommentAction\",\"name\":\"Comment\",\"target\":[\"https:\/\/everydayliving.be\/en\/accompagner-les-enfants-dans-leur-apprentissage-et-leur-epanouissement\/#respond\"]}]},{\"@type\":\"WebPage\",\"@id\":\"https:\/\/everydayliving.be\/en\/accompagner-les-enfants-dans-leur-apprentissage-et-leur-epanouissement\/\",\"url\":\"https:\/\/everydayliving.be\/en\/accompagner-les-enfants-dans-leur-apprentissage-et-leur-epanouissement\/\",\"name\":\"Accompagner les enfants dans leur apprentissage et leur \u00e9panouissement - EverydayLiving - Embrace the Extraordinary\",\"isPartOf\":{\"@id\":\"https:\/\/everydayliving.be\/en\/#website\"},\"primaryImageOfPage\":{\"@id\":\"https:\/\/everydayliving.be\/en\/accompagner-les-enfants-dans-leur-apprentissage-et-leur-epanouissement\/#primaryimage\"},\"image\":{\"@id\":\"https:\/\/everydayliving.be\/en\/accompagner-les-enfants-dans-leur-apprentissage-et-leur-epanouissement\/#primaryimage\"},\"thumbnailUrl\":\"https:\/\/everydayliving.be\/wp-content\/uploads\/2025\/02\/fabianct__Accompagner_les_enfants_dans_leur_apprentissage_et_le_126f01d9-81b9-4c00-90ae-3e3ab6ea2e42.webp\",\"datePublished\":\"2025-02-26T16:23:39+00:00\",\"dateModified\":\"2026-07-17T19:21:14+00:00\",\"breadcrumb\":{\"@id\":\"https:\/\/everydayliving.be\/en\/accompagner-les-enfants-dans-leur-apprentissage-et-leur-epanouissement\/#breadcrumb\"},\"inLanguage\":\"en-US\",\"potentialAction\":[{\"@type\":\"ReadAction\",\"target\":[\"https:\/\/everydayliving.be\/en\/accompagner-les-enfants-dans-leur-apprentissage-et-leur-epanouissement\/\"]}]},{\"@type\":\"ImageObject\",\"inLanguage\":\"en-US\",\"@id\":\"https:\/\/everydayliving.be\/en\/accompagner-les-enfants-dans-leur-apprentissage-et-leur-epanouissement\/#primaryimage\",\"url\":\"https:\/\/everydayliving.be\/wp-content\/uploads\/2025\/02\/fabianct__Accompagner_les_enfants_dans_leur_apprentissage_et_le_126f01d9-81b9-4c00-90ae-3e3ab6ea2e42.webp\",\"contentUrl\":\"https:\/\/everydayliving.be\/wp-content\/uploads\/2025\/02\/fabianct__Accompagner_les_enfants_dans_leur_apprentissage_et_le_126f01d9-81b9-4c00-90ae-3e3ab6ea2e42.webp\",\"width\":1310,\"height\":873,\"caption\":\"Accompagner les enfants dans leur apprentissage et leur \u00e9panouissement\"},{\"@type\":\"BreadcrumbList\",\"@id\":\"https:\/\/everydayliving.be\/en\/accompagner-les-enfants-dans-leur-apprentissage-et-leur-epanouissement\/#breadcrumb\",\"itemListElement\":[{\"@type\":\"ListItem\",\"position\":1,\"name\":\"Home\",\"item\":\"https:\/\/everydayliving.be\/en\/\"},{\"@type\":\"ListItem\",\"position\":2,\"name\":\"Accompagner les enfants dans leur apprentissage et leur \u00e9panouissement\"}]},{\"@type\":\"WebSite\",\"@id\":\"https:\/\/everydayliving.be\/en\/#website\",\"url\":\"https:\/\/everydayliving.be\/en\/\",\"name\":\"EverydayLiving - Embrace the Extraordinary\",\"description\":\"\",\"publisher\":{\"@id\":\"https:\/\/everydayliving.be\/en\/#organization\"},\"potentialAction\":[{\"@type\":\"SearchAction\",\"target\":{\"@type\":\"EntryPoint\",\"urlTemplate\":\"https:\/\/everydayliving.be\/en\/?s={search_term_string}\"},\"query-input\":{\"@type\":\"PropertyValueSpecification\",\"valueRequired\":true,\"valueName\":\"search_term_string\"}}],\"inLanguage\":\"en-US\"},{\"@type\":\"Organization\",\"@id\":\"https:\/\/everydayliving.be\/en\/#organization\",\"name\":\"EverydayLiving - Embrace the Extraordinary\",\"url\":\"https:\/\/everydayliving.be\/en\/\",\"logo\":{\"@type\":\"ImageObject\",\"inLanguage\":\"en-US\",\"@id\":\"https:\/\/everydayliving.be\/en\/#\/schema\/logo\/image\/\",\"url\":\"https:\/\/everydayliving.be\/wp-content\/uploads\/2024\/11\/Rima-Reyes-1-1-removebg-preview.png\",\"contentUrl\":\"https:\/\/everydayliving.be\/wp-content\/uploads\/2024\/11\/Rima-Reyes-1-1-removebg-preview.png\",\"width\":500,\"height\":500,\"caption\":\"EverydayLiving - Embrace the Extraordinary\"},\"image\":{\"@id\":\"https:\/\/everydayliving.be\/en\/#\/schema\/logo\/image\/\"}},{\"@type\":\"Person\",\"@id\":\"https:\/\/everydayliving.be\/en\/#\/schema\/person\/4971304cf7ea2deed717b970613b2507\",\"name\":\"info@kwizera.bi\",\"image\":{\"@type\":\"ImageObject\",\"inLanguage\":\"en-US\",\"@id\":\"https:\/\/everydayliving.be\/en\/#\/schema\/person\/image\/\",\"url\":\"https:\/\/secure.gravatar.com\/avatar\/4b255983682351b7e77d4eac407a99eba8ae0c62610677afbc95111e673d4af9?s=96&d=mm&r=g\",\"contentUrl\":\"https:\/\/secure.gravatar.com\/avatar\/4b255983682351b7e77d4eac407a99eba8ae0c62610677afbc95111e673d4af9?s=96&d=mm&r=g\",\"caption\":\"info@kwizera.bi\"},\"url\":\"https:\/\/everydayliving.be\/en\/author\/infokwizera-bi\/\"}]}<\/script>\n<!-- \/ Yoast SEO plugin. -->","yoast_head_json":{"title":"Accompagner les enfants dans leur apprentissage et leur \u00e9panouissement - EverydayLiving - Embrace the Extraordinary","robots":{"index":"index","follow":"follow","max-snippet":"max-snippet:-1","max-image-preview":"max-image-preview:large","max-video-preview":"max-video-preview:-1"},"canonical":"https:\/\/everydayliving.be\/en\/accompagner-les-enfants-dans-leur-apprentissage-et-leur-epanouissement\/","og_locale":"en_US","og_type":"article","og_title":"Accompagner les enfants dans leur apprentissage et leur \u00e9panouissement - EverydayLiving - Embrace the Extraordinary","og_description":"Guide les enfants dans leur apprentissage et \u00e9panouissement avec des m\u00e9thodes adapt\u00e9es, favorisant curiosit\u00e9, confiance en soi et d\u00e9veloppement personnel.","og_url":"https:\/\/everydayliving.be\/en\/accompagner-les-enfants-dans-leur-apprentissage-et-leur-epanouissement\/","og_site_name":"EverydayLiving - Embrace the Extraordinary","article_published_time":"2025-02-26T16:23:39+00:00","article_modified_time":"2026-07-17T19:21:14+00:00","og_image":[{"width":1310,"height":873,"url":"https:\/\/everydayliving.be\/wp-content\/uploads\/2025\/02\/fabianct__Accompagner_les_enfants_dans_leur_apprentissage_et_le_126f01d9-81b9-4c00-90ae-3e3ab6ea2e42.webp","type":"image\/webp"}],"author":"info@kwizera.bi","twitter_card":"summary_large_image","twitter_misc":{"Written by":"info@kwizera.bi","Est. reading time":"8 minutes"},"schema":{"@context":"https:\/\/schema.org","@graph":[{"@type":"Article","@id":"https:\/\/everydayliving.be\/en\/accompagner-les-enfants-dans-leur-apprentissage-et-leur-epanouissement\/#article","isPartOf":{"@id":"https:\/\/everydayliving.be\/en\/accompagner-les-enfants-dans-leur-apprentissage-et-leur-epanouissement\/"},"author":{"name":"info@kwizera.bi","@id":"https:\/\/everydayliving.be\/en\/#\/schema\/person\/4971304cf7ea2deed717b970613b2507"},"headline":"Accompagner les enfants dans leur apprentissage et leur \u00e9panouissement","datePublished":"2025-02-26T16:23:39+00:00","dateModified":"2026-07-17T19:21:14+00:00","mainEntityOfPage":{"@id":"https:\/\/everydayliving.be\/en\/accompagner-les-enfants-dans-leur-apprentissage-et-leur-epanouissement\/"},"wordCount":2201,"commentCount":0,"publisher":{"@id":"https:\/\/everydayliving.be\/en\/#organization"},"image":{"@id":"https:\/\/everydayliving.be\/en\/accompagner-les-enfants-dans-leur-apprentissage-et-leur-epanouissement\/#primaryimage"},"thumbnailUrl":"https:\/\/everydayliving.be\/wp-content\/uploads\/2025\/02\/fabianct__Accompagner_les_enfants_dans_leur_apprentissage_et_le_126f01d9-81b9-4c00-90ae-3e3ab6ea2e42.webp","articleSection":["\u00c9ducation des enfants"],"inLanguage":"en-US","potentialAction":[{"@type":"CommentAction","name":"Comment","target":["https:\/\/everydayliving.be\/en\/accompagner-les-enfants-dans-leur-apprentissage-et-leur-epanouissement\/#respond"]}]},{"@type":"WebPage","@id":"https:\/\/everydayliving.be\/en\/accompagner-les-enfants-dans-leur-apprentissage-et-leur-epanouissement\/","url":"https:\/\/everydayliving.be\/en\/accompagner-les-enfants-dans-leur-apprentissage-et-leur-epanouissement\/","name":"Accompagner les enfants dans leur apprentissage et leur \u00e9panouissement - EverydayLiving - Embrace the Extraordinary","isPartOf":{"@id":"https:\/\/everydayliving.be\/en\/#website"},"primaryImageOfPage":{"@id":"https:\/\/everydayliving.be\/en\/accompagner-les-enfants-dans-leur-apprentissage-et-leur-epanouissement\/#primaryimage"},"image":{"@id":"https:\/\/everydayliving.be\/en\/accompagner-les-enfants-dans-leur-apprentissage-et-leur-epanouissement\/#primaryimage"},"thumbnailUrl":"https:\/\/everydayliving.be\/wp-content\/uploads\/2025\/02\/fabianct__Accompagner_les_enfants_dans_leur_apprentissage_et_le_126f01d9-81b9-4c00-90ae-3e3ab6ea2e42.webp","datePublished":"2025-02-26T16:23:39+00:00","dateModified":"2026-07-17T19:21:14+00:00","breadcrumb":{"@id":"https:\/\/everydayliving.be\/en\/accompagner-les-enfants-dans-leur-apprentissage-et-leur-epanouissement\/#breadcrumb"},"inLanguage":"en-US","potentialAction":[{"@type":"ReadAction","target":["https:\/\/everydayliving.be\/en\/accompagner-les-enfants-dans-leur-apprentissage-et-leur-epanouissement\/"]}]},{"@type":"ImageObject","inLanguage":"en-US","@id":"https:\/\/everydayliving.be\/en\/accompagner-les-enfants-dans-leur-apprentissage-et-leur-epanouissement\/#primaryimage","url":"https:\/\/everydayliving.be\/wp-content\/uploads\/2025\/02\/fabianct__Accompagner_les_enfants_dans_leur_apprentissage_et_le_126f01d9-81b9-4c00-90ae-3e3ab6ea2e42.webp","contentUrl":"https:\/\/everydayliving.be\/wp-content\/uploads\/2025\/02\/fabianct__Accompagner_les_enfants_dans_leur_apprentissage_et_le_126f01d9-81b9-4c00-90ae-3e3ab6ea2e42.webp","width":1310,"height":873,"caption":"Accompagner les enfants dans leur apprentissage et leur \u00e9panouissement"},{"@type":"BreadcrumbList","@id":"https:\/\/everydayliving.be\/en\/accompagner-les-enfants-dans-leur-apprentissage-et-leur-epanouissement\/#breadcrumb","itemListElement":[{"@type":"ListItem","position":1,"name":"Home","item":"https:\/\/everydayliving.be\/en\/"},{"@type":"ListItem","position":2,"name":"Accompagner les enfants dans leur apprentissage et leur \u00e9panouissement"}]},{"@type":"WebSite","@id":"https:\/\/everydayliving.be\/en\/#website","url":"https:\/\/everydayliving.be\/en\/","name":"EverydayLiving - Embrace the Extraordinary","description":"","publisher":{"@id":"https:\/\/everydayliving.be\/en\/#organization"},"potentialAction":[{"@type":"SearchAction","target":{"@type":"EntryPoint","urlTemplate":"https:\/\/everydayliving.be\/en\/?s={search_term_string}"},"query-input":{"@type":"PropertyValueSpecification","valueRequired":true,"valueName":"search_term_string"}}],"inLanguage":"en-US"},{"@type":"Organization","@id":"https:\/\/everydayliving.be\/en\/#organization","name":"EverydayLiving - Embrace the Extraordinary","url":"https:\/\/everydayliving.be\/en\/","logo":{"@type":"ImageObject","inLanguage":"en-US","@id":"https:\/\/everydayliving.be\/en\/#\/schema\/logo\/image\/","url":"https:\/\/everydayliving.be\/wp-content\/uploads\/2024\/11\/Rima-Reyes-1-1-removebg-preview.png","contentUrl":"https:\/\/everydayliving.be\/wp-content\/uploads\/2024\/11\/Rima-Reyes-1-1-removebg-preview.png","width":500,"height":500,"caption":"EverydayLiving - Embrace the Extraordinary"},"image":{"@id":"https:\/\/everydayliving.be\/en\/#\/schema\/logo\/image\/"}},{"@type":"Person","@id":"https:\/\/everydayliving.be\/en\/#\/schema\/person\/4971304cf7ea2deed717b970613b2507","name":"info@kwizera.bi","image":{"@type":"ImageObject","inLanguage":"en-US","@id":"https:\/\/everydayliving.be\/en\/#\/schema\/person\/image\/","url":"https:\/\/secure.gravatar.com\/avatar\/4b255983682351b7e77d4eac407a99eba8ae0c62610677afbc95111e673d4af9?s=96&d=mm&r=g","contentUrl":"https:\/\/secure.gravatar.com\/avatar\/4b255983682351b7e77d4eac407a99eba8ae0c62610677afbc95111e673d4af9?s=96&d=mm&r=g","caption":"info@kwizera.bi"},"url":"https:\/\/everydayliving.be\/en\/author\/infokwizera-bi\/"}]}},"_links":{"self":[{"href":"https:\/\/everydayliving.be\/en\/wp-json\/wp\/v2\/posts\/673","targetHints":{"allow":["GET"]}}],"collection":[{"href":"https:\/\/everydayliving.be\/en\/wp-json\/wp\/v2\/posts"}],"about":[{"href":"https:\/\/everydayliving.be\/en\/wp-json\/wp\/v2\/types\/post"}],"author":[{"embeddable":true,"href":"https:\/\/everydayliving.be\/en\/wp-json\/wp\/v2\/users\/2"}],"replies":[{"embeddable":true,"href":"https:\/\/everydayliving.be\/en\/wp-json\/wp\/v2\/comments?post=673"}],"version-history":[{"count":0,"href":"https:\/\/everydayliving.be\/en\/wp-json\/wp\/v2\/posts\/673\/revisions"}],"wp:featuredmedia":[{"embeddable":true,"href":"https:\/\/everydayliving.be\/en\/wp-json\/wp\/v2\/media\/741"}],"wp:attachment":[{"href":"https:\/\/everydayliving.be\/en\/wp-json\/wp\/v2\/media?parent=673"}],"wp:term":[{"taxonomy":"category","embeddable":true,"href":"https:\/\/everydayliving.be\/en\/wp-json\/wp\/v2\/categories?post=673"},{"taxonomy":"post_tag","embeddable":true,"href":"https:\/\/everydayliving.be\/en\/wp-json\/wp\/v2\/tags?post=673"}],"curies":[{"name":"wp","href":"https:\/\/api.w.org\/{rel}","templated":true}]}}