{"id":661,"date":"2025-02-26T16:46:13","date_gmt":"2025-02-26T16:46:13","guid":{"rendered":"https:\/\/everydayliving.be\/?p=661"},"modified":"2026-07-20T16:32:23","modified_gmt":"2026-07-20T16:32:23","slug":"equilibre-emotionnel-et-serenite-conseils-pour-un-esprit-apaise","status":"publish","type":"post","link":"https:\/\/everydayliving.be\/en\/equilibre-emotionnel-et-serenite-conseils-pour-un-esprit-apaise\/","title":{"rendered":"\u00c9quilibre \u00e9motionnel et s\u00e9r\u00e9nit\u00e9 : conseils pour un esprit apais\u00e9"},"content":{"rendered":"<p>La qu\u00eate de la tranquillit\u00e9 mentale s&#8217;est transform\u00e9e en une injonction paradoxale de la soci\u00e9t\u00e9 contemporaine. Dans un monde hyper-connect\u00e9 o\u00f9 les sollicitations sont continues, l&#8217;id\u00e9e m\u00eame de devoir atteindre un \u00e9tat de calme absolu g\u00e9n\u00e8re souvent sa propre anxi\u00e9t\u00e9. Cette illusion du \u00ab z\u00e9ro stress \u00bb pousse de nombreuses personnes \u00e0 percevoir la moindre tension comme un \u00e9chec personnel, transformant le bien-\u00eatre en une \u00e9ni\u00e8me performance \u00e0 accomplir.<\/p>\n<p>L&#8217;\u00e9quilibre \u00e9motionnel ne s&#8217;atteint pourtant pas en cherchant \u00e0 \u00e9liminer toute forme de pression. Plut\u00f4t que de fuir l&#8217;agitation, l&#8217;enjeu moderne consiste \u00e0 d\u00e9velopper une \u00ab S\u00e9r\u00e9nit\u00e9 Int\u00e9grative \u00bb.<\/p>\n<p>En s&#8217;\u00e9loignant des injonctions g\u00e9n\u00e9riques pour se tourner vers des pratiques soutenues par les professionnels de la sant\u00e9, il devient possible de transformer sa r\u00e9ponse face aux d\u00e9fis du quotidien.<\/p>\n<h2>Points cl\u00e9s \u00e0 retenir<\/h2>\n<p>Pour appr\u00e9hender la gestion du bien-\u00eatre mental sous un angle nouveau, voici les principes fondamentaux d\u00e9taill\u00e9s dans cet article :<\/p>\n<ul>\n<li><strong>Une nouvelle approche<\/strong> : Il est possible d&#8217;augmenter sa r\u00e9sistance face aux d\u00e9fis de la vie sans rechercher l&#8217;absence totale de stress.<\/li>\n<li><strong>Le r\u00f4le de la biologie<\/strong> : La relaxation a un impact direct sur la m\u00e9canique corporelle et le syst\u00e8me parasympathique.<\/li>\n<li><strong>L&#8217;importance du l\u00e2cher-prise<\/strong> : La pression int\u00e9rieure, souvent accumul\u00e9e par des attentes d\u00e9mesur\u00e9es, peut \u00eatre r\u00e9\u00e9valu\u00e9e.<\/li>\n<li><strong>L&#8217;ancrage territorial<\/strong> : En Belgique, la pleine conscience s&#8217;int\u00e8gre d\u00e9sormais dans des parcours de soins officiels, d\u00e9passant le simple cadre des applications mobiles.<\/li>\n<\/ul>\n<h2>Pourquoi l&#8217;absence de stress est-elle un mythe et non l&#8217;\u00e9quilibre \u00e9motionnel ?<\/h2>\n<p>L&#8217;industrie du bien-\u00eatre v\u00e9hicule souvent l&#8217;image d&#8217;un esprit parfaitement lisse, imperm\u00e9able aux al\u00e9as ext\u00e9rieurs. Cette vision est non seulement irr\u00e9aliste, mais elle va \u00e0 l&#8217;encontre du fonctionnement humain. Les individus qui cultivent activement leur sant\u00e9 mentale ne vivent pas une vie exempte de difficult\u00e9s ; ils d\u00e9veloppent une <strong>r\u00e9silience<\/strong> qui les rend plus r\u00e9sistants aux d\u00e9fis de la vie.<\/p>\n<h3>Quel est l&#8217;impact physiologique de la relaxation ?<\/h3>\n<p>Le stress d\u00e9clenche une cascade hormonale naturelle, utile pour faire face \u00e0 un danger imm\u00e9diat, mais toxique lorsqu&#8217;elle devient chronique. Les pratiques de relaxation interviennent directement sur cette m\u00e9canique corporelle. Le fait d&#8217;abaisser le niveau d&#8217;alerte signale au syst\u00e8me nerveux parasympathique qu&#8217;il peut reprendre le relais, favorisant ainsi la r\u00e9cup\u00e9ration cellulaire, la digestion et la clart\u00e9 mentale.<\/p>\n<h3>Pourquoi l&#8217;\u00e9quilibre requiert-il une approche multi-factorielle ?<\/h3>\n<p>L&#8217;\u00e9quilibre requiert une approche multi-factorielle. Une m\u00e9ditation isol\u00e9e ne suffira pas si le terrain biologique est \u00e9puis\u00e9, tout comme une cure de plantes ne r\u00e9soudra pas des sch\u00e9mas de pens\u00e9es inadapt\u00e9s.<\/p>\n<h2>Comment la psychologie du l\u00e2cher-prise se distingue-t-elle du renoncement ?<\/h2>\n<p>Le concept de l\u00e2cher-prise souffre d&#8217;une d\u00e9finition souvent galvaud\u00e9e. Il est fr\u00e9quemment confondu avec la r\u00e9signation, l&#8217;indiff\u00e9rence ou l&#8217;abandon psychologique. Pourtant, la m\u00e9canique cognitive \u00e0 l&#8217;\u0153uvre est fondamentalement diff\u00e9rente.<\/p>\n<h3>Comment comprendre la gestion de l&#8217;\u00e9nergie mentale ?<\/h3>\n<p>L&#8217;esprit humain d\u00e9pense une quantit\u00e9 massive d&#8217;\u00e9nergie \u00e0 tenter d&#8217;influencer des \u00e9v\u00e9nements ext\u00e9rieurs hors de sa port\u00e9e. Rediriger cette \u00e9nergie vers ce qui est r\u00e9ellement modifiable constitue la base de l&#8217;\u00e9quilibre \u00e9motionnel.<\/p>\n<h3>Comment \u00e9viter le pi\u00e8ge des attentes irr\u00e9alistes ?<\/h3>\n<p>Le stress na\u00eet souvent d&#8217;un d\u00e9calage entre la r\u00e9alit\u00e9 et des attentes trop \u00e9lev\u00e9es envers soi-m\u00eame. Le perfectionnisme agit comme un moteur constant d&#8217;insatisfaction et de tensions nerveuses. La s\u00e9r\u00e9nit\u00e9 passe par une restructuration de ces sch\u00e9mas cognitifs.<\/p>\n<ul>\n<li><strong>L&#8217;acceptation de l&#8217;imperfection<\/strong> : Reconna\u00eetre ses limites sans auto-jugement diminue la charge mentale.<\/li>\n<li><strong>La r\u00e9vision des objectifs<\/strong> : Segmenter les grands d\u00e9fis en \u00e9tapes accessibles pr\u00e9vient le sentiment d&#8217;\u00e9crasement.<\/li>\n<li><strong>La c\u00e9l\u00e9bration des petites victoires<\/strong> : Prendre le temps de valider les micro-succ\u00e8s du quotidien nourrit le circuit de la r\u00e9compense c\u00e9r\u00e9brale et favorise durablement la s\u00e9r\u00e9nit\u00e9.<\/li>\n<\/ul>\n<p>En fin de compte, l&#8217;acceptation n&#8217;efface pas les probl\u00e8mes, mais elle modifie la r\u00e9activit\u00e9 \u00e9motionnelle face \u00e0 ceux-ci, permettant d&#8217;aborder les obstacles avec plus de lucidit\u00e9 et moins d&#8217;\u00e9puisement.<\/p>\n<h2>Comment la nutrition et les approches naturelles apaisent-elles le syst\u00e8me nerveux ?<\/h2>\n<p>Si le travail psychologique est indispensable, il doit s&#8217;appuyer sur un socle physiologique solide. Le syst\u00e8me nerveux a besoin de nutriments sp\u00e9cifiques et de principes actifs pour r\u00e9guler son activit\u00e9, particuli\u00e8rement en p\u00e9riode de surmenage.<\/p>\n<h3>Pourquoi consid\u00e9rer la phytoth\u00e9rapie comme alli\u00e9e ?<\/h3>\n<p>Les pharmaciens et professionnels de la sant\u00e9 conseillent r\u00e9guli\u00e8rement des alternatives naturelles pour accompagner les p\u00e9riodes de tension sans g\u00e9n\u00e9rer d&#8217;accoutumance. Ces solutions agissent en synergie avec le corps pour faciliter la d\u00e9tente musculaire et pr\u00e9parer le terrain \u00e0 un repos de qualit\u00e9, \u00e9l\u00e9ments indispensables pour affronter les facteurs de stress diurnes.<\/p>\n<h3>Quel est le r\u00f4le des habitudes nutritionnelles ?<\/h3>\n<p>Au-del\u00e0 de la phytoth\u00e9rapie, l&#8217;alimentation joue un r\u00f4le direct sur la stabilit\u00e9 de l&#8217;humeur. Une alimentation \u00e9quilibr\u00e9e et nutritive impacte directement la chimie du cerveau.<\/p>\n<ul>\n<li><strong>Les acides gras essentiels<\/strong> : Les aliments riches en om\u00e9ga-3, comme le poisson gras, les noix et les graines, favorisent la fluidit\u00e9 des membranes neuronales.<\/li>\n<li><strong>La mod\u00e9ration des excitants<\/strong> : La r\u00e9duction strat\u00e9gique de la consommation de caf\u00e9ine et de sucre permet d&#8217;\u00e9viter les pics de glyc\u00e9mie et les chutes d&#8217;\u00e9nergie qui exacerbent la r\u00e9activit\u00e9 \u00e9motionnelle.<\/li>\n<\/ul>\n<p>Associer un soutien v\u00e9g\u00e9tal \u00e0 une nutrition cibl\u00e9e cr\u00e9e un environnement biologique propice au calme. L&#8217;esprit ne peut s&#8217;apaiser durablement si le corps est maintenu dans un \u00e9tat d&#8217;alerte chimique permanent.<\/p>\n<h2>Quels sont les piliers d&#8217;une routine apais\u00e9e au quotidien ?<\/h2>\n<p>Les conseils g\u00e9n\u00e9riques exhortant \u00e0 \u00ab se d\u00e9tendre \u00bb manquent souvent d&#8217;efficacit\u00e9 par manque de structuration. Pour b\u00e2tir une r\u00e9silience \u00e9motionnelle, il est n\u00e9cessaire de mettre en place des habitudes concr\u00e8tes, bas\u00e9es sur la fr\u00e9quence et la r\u00e9gularit\u00e9. Voici un plan d&#8217;action structur\u00e9 en six piliers op\u00e9rationnels.<\/p>\n<h3>1. La micro-m\u00e9ditation quotidienne<\/h3>\n<p>En observant ses pens\u00e9es sans s&#8217;y attacher, on cr\u00e9e un espace entre le stimulus (l&#8217;\u00e9v\u00e9nement stressant) et la r\u00e9ponse (l&#8217;anxi\u00e9t\u00e9).<\/p>\n<h3>2. La respiration consciente<\/h3>\n<p>S&#8217;ancrer dans sa respiration est la technique la plus imm\u00e9diate pour abaisser le rythme cardiaque. Que ce soit dans les transports ou avant une r\u00e9union, se concentrer sur l&#8217;air qui entre et sort des poumons signale au corps qu&#8217;il est en s\u00e9curit\u00e9.<\/p>\n<h3>3. Le mouvement et l&#8217;ancrage corporel<\/h3>\n<p>Pour les esprits tr\u00e8s agit\u00e9s, l&#8217;immobilit\u00e9 peut \u00eatre contre-productive. La m\u00e9ditation en mouvement, telle que le yoga ou le tai-chi, combine des gestes fluides avec une respiration rythm\u00e9e. Ces disciplines permettent non seulement d&#8217;<a href=\"https:\/\/everydayliving.be\/en\/applications-mobiles-les-meilleures-pour-ameliorer-votre-productivite\/\">am\u00e9liorer votre<\/a> flexibilit\u00e9 physique, mais elles favorisent surtout une d\u00e9charge motrice des tensions accumul\u00e9es.<\/p>\n<h3>4. L&#8217;hygi\u00e8ne et la d\u00e9connexion digitales<\/h3>\n<p>L&#8217;hyper-vigilance technologique entretient un stress diffus. Limiter l&#8217;exposition aux \u00e9crans, particuli\u00e8rement en fin de journ\u00e9e, pr\u00e9serve la capacit\u00e9 de concentration et \u00e9vite la surcharge cognitive li\u00e9e au flux continu d&#8217;informations.<\/p>\n<h3>5. La sanctuarisation du sommeil<\/h3>\n<p>Un sommeil r\u00e9parateur est la base de l&#8217;\u00e9quilibre \u00e9motionnel. Le manque de repos exacerbe le stress et diminue le seuil de tol\u00e9rance aux frustrations. Cr\u00e9er un environnement sombre, frais et calme est une n\u00e9cessit\u00e9 physiologique.<\/p>\n<h3>6. La pratique de la gratitude<\/h3>\n<p>S&#8217;engager activement dans la reconnaissance des aspects positifs de sa journ\u00e9e redirige l&#8217;attention du cerveau, naturellement biais\u00e9 vers la d\u00e9tection des menaces. Savourer les d\u00e9tails lors d&#8217;une promenade ou lors de la pr\u00e9paration d&#8217;un repas ancre la pr\u00e9sence et cultive une s\u00e9r\u00e9nit\u00e9 durable.<\/p>\n<h2>Pourquoi la pleine conscience s&#8217;int\u00e8gre-t-elle dans les infrastructures locales en Belgique ?<\/h2>\n<p>L&#8217;essor du bien-\u00eatre mental a largement \u00e9t\u00e9 propuls\u00e9 par la technologie. Pendant des ann\u00e9es, la m\u00e9ditation a \u00e9t\u00e9 consomm\u00e9e de mani\u00e8re solitaire, via des applications sur smartphone promettant le calme en un clic. Si ces outils constituent une bonne porte d&#8217;entr\u00e9e, ils montrent parfois leurs limites face au besoin de connexion humaine et d&#8217;accompagnement th\u00e9rapeutique r\u00e9el.<\/p>\n<p>En Belgique, la pleine conscience quitte progressivement le monde exclusif des startups num\u00e9riques pour s&#8217;int\u00e9grer g\u00e9ographiquement dans les infrastructures de sant\u00e9 publique de premi\u00e8re ligne. Cette \u00e9volution permet de contextualiser la gestion du stress non plus comme un loisir individuel, mais comme une composante du parcours de soins.<\/p>\n<h3>Comment les structures de soins deviennent-elles des p\u00f4les de bien-\u00eatre ?<\/h3>\n<p>L&#8217;institutionnalisation de ces pratiques se mat\u00e9rialise dans les quartiers. Ce passage du virtuel au local offre de multiples avantages. Il rompt l&#8217;isolement souvent associ\u00e9 \u00e0 la d\u00e9tresse \u00e9motionnelle, permet un encadrement s\u00e9curisant par des professionnels form\u00e9s, et replace le voyage vers le bien-\u00eatre mental au c\u0153ur de la communaut\u00e9. S&#8217;appuyer sur ces ressources de proximit\u00e9 transforme la gestion du stress en une d\u00e9marche collective et soutenue.<\/p>\n<h2>Foire Aux Questions (FAQ) : Comment g\u00e9rer son \u00e9quilibre \u00e9motionnel ?<\/h2>\n<h3>Sur quoi se concentre la pratique de l&#8217;\u00e9quilibre \u00e9motionnel ?<\/h3>\n<p>Se recentrer exclusivement sur sa propre zone de contr\u00f4le et ses propres r\u00e9actions permet d&#8217;\u00e9viter de d\u00e9penser inutilement de l&#8217;\u00e9nergie face \u00e0 des impr\u00e9vus qui \u00e9chappent \u00e0 notre pouvoir d&#8217;action.<\/p>\n<h3>Quels sont les bienfaits physiologiques d&#8217;un syst\u00e8me nerveux apais\u00e9 ?<\/h3>\n<p>\u00c0 moyen terme, favoriser l&#8217;apaisement de l&#8217;organisme contribue \u00e0 une meilleure qualit\u00e9 de sommeil, une r\u00e9duction de la tension art\u00e9rielle, une optimisation du syst\u00e8me immunitaire et une diminution des tensions musculaires chroniques.<\/p>\n<h2>Conclusion : Pourquoi cultiver son esprit est-il une comp\u00e9tence moderne ?<\/h2>\n<p>Le monde contemporain exige une adaptabilit\u00e9 neurologique sans pr\u00e9c\u00e9dent face \u00e0 la densification des stimuli et des pressions sociales. Dans ce contexte, cultiver un esprit apais\u00e9 a cess\u00e9 d&#8217;\u00eatre un luxe introspectif ou un simple hobby de d\u00e9veloppement personnel. C&#8217;est devenu une v\u00e9ritable infrastructure psychologique n\u00e9cessaire pour naviguer dans la complexit\u00e9.<\/p>\n<p>L&#8217;approche int\u00e9grative d\u00e9montre que la sant\u00e9 mentale exige une maintenance active, alliant la chimie du corps, la rigueur de l&#8217;esprit et le soutien de la communaut\u00e9. L&#8217;enjeu des prochaines d\u00e9cennies ne sera probablement plus d&#8217;optimiser notre productivit\u00e9 \u00e0 tout prix, mais bien d&#8217;apprendre \u00e0 sanctuariser notre attention pour pr\u00e9server notre int\u00e9grit\u00e9 face \u00e0 l&#8217;acc\u00e9l\u00e9ration de la soci\u00e9t\u00e9.<\/p>\n<p><script type=\"application\/ld+json\">[{\"@context\": \"https:\/\/schema.org\", \"@type\": \"Article\", \"headline\": \"\u00c9quilibre \u00e9motionnel et s\u00e9r\u00e9nit\u00e9 : d\u00e9passer le mythe du \u00ab z\u00e9ro stress \u00bb par une approche int\u00e9grative (et locale)\", \"description\": \"D\u00e9couvrez comment cultiver un v\u00e9ritable \u00e9quilibre \u00e9motionnel en combinant l\u00e2cher-prise psychologique, soutien biologique et ressources locales belges.\", \"wordCount\": 1501, \"inLanguage\": \"fr\", \"url\": \"https:\/\/everydayliving.be\/equilibre-emotionnel-et-serenite-conseils-pour-un-esprit-apaise\/\", \"dateModified\": \"2026-07-15T17:06:46.824295+00:00\"}, {\"@context\": \"https:\/\/schema.org\", \"@type\": \"FAQPage\", \"mainEntity\": [{\"@type\": \"Question\", \"name\": \"Pourquoi l'absence de stress est-elle un mythe et non l'\u00e9quilibre \u00e9motionnel ?\", \"acceptedAnswer\": {\"@type\": \"Answer\", \"text\": \"L'industrie du bien-\u00eatre v\u00e9hicule souvent l'image d'un esprit parfaitement lisse, imperm\u00e9able aux al\u00e9as ext\u00e9rieurs. Cette vision est non seulement irr\u00e9aliste, mais elle va \u00e0 l'encontre du fonctionnement humain. Les individus qui cultivent activement leur sant\u00e9 mentale ne vivent pas une vie exempte de difficult\u00e9s ; ils d\u00e9veloppent une **r\u00e9silience** qui les rend plus r\u00e9sistants aux d\u00e9fis de la vie.\"}}, {\"@type\": \"Question\", \"name\": \"Comment la psychologie du l\u00e2cher-prise se distingue-t-elle du renoncement ?\", \"acceptedAnswer\": {\"@type\": \"Answer\", \"text\": \"Le concept de l\u00e2cher-prise souffre d'une d\u00e9finition souvent galvaud\u00e9e. Il est fr\u00e9quemment confondu avec la r\u00e9signation, l'indiff\u00e9rence ou l'abandon psychologique. Pourtant, la m\u00e9canique cognitive \u00e0 l'\u0153uvre est fondamentalement diff\u00e9rente.\"}}, {\"@type\": \"Question\", \"name\": \"Comment la nutrition et les approches naturelles apaisent-elles le syst\u00e8me nerveux ?\", \"acceptedAnswer\": {\"@type\": \"Answer\", \"text\": \"Si le travail psychologique est indispensable, il doit s'appuyer sur un socle physiologique solide. Le syst\u00e8me nerveux a besoin de nutriments sp\u00e9cifiques et de principes actifs pour r\u00e9guler son activit\u00e9, particuli\u00e8rement en p\u00e9riode de surmenage.\"}}, {\"@type\": \"Question\", \"name\": \"Quels sont les piliers d'une routine apais\u00e9e au quotidien ?\", \"acceptedAnswer\": {\"@type\": \"Answer\", \"text\": \"Les conseils g\u00e9n\u00e9riques exhortant \u00e0 \u00ab se d\u00e9tendre \u00bb manquent souvent d'efficacit\u00e9 par manque de structuration. Pour b\u00e2tir une r\u00e9silience \u00e9motionnelle, il est n\u00e9cessaire de mettre en place des habitudes concr\u00e8tes, bas\u00e9es sur la fr\u00e9quence et la r\u00e9gularit\u00e9. Voici un plan d'action structur\u00e9 en six piliers op\u00e9rationnels.\"}}, {\"@type\": \"Question\", \"name\": \"Pourquoi la pleine conscience s'int\u00e8gre-t-elle dans les infrastructures locales en Belgique ?\", \"acceptedAnswer\": {\"@type\": \"Answer\", \"text\": \"<!-- genre:audience_reframing -->\\nL'essor du bien-\u00eatre mental a largement \u00e9t\u00e9 propuls\u00e9 par la technologie. Pendant des ann\u00e9es, la m\u00e9ditation a \u00e9t\u00e9 consomm\u00e9e de mani\u00e8re solitaire, via des applications sur smartphone promettant le calme en un clic. Si ces outils constituent une bonne porte d'entr\u00e9e, ils montrent parfois leurs limites face au besoin de connexion humaine et d'accompagnement th\u00e9rapeutique r\u00e9el.\"}}, {\"@type\": \"Question\", \"name\": \"Sur quoi se concentre la pratique de l'\u00e9quilibre \u00e9motionnel ?\", \"acceptedAnswer\": {\"@type\": \"Answer\", \"text\": \"Se recentrer exclusivement sur sa propre zone de contr\u00f4le et ses propres r\u00e9actions permet d'\u00e9viter de d\u00e9penser inutilement de l'\u00e9nergie face \u00e0 des impr\u00e9vus qui \u00e9chappent \u00e0 notre pouvoir d'action.\"}}, {\"@type\": \"Question\", \"name\": \"Quels sont les bienfaits physiologiques d'un syst\u00e8me nerveux apais\u00e9 ?\", \"acceptedAnswer\": {\"@type\": \"Answer\", \"text\": \"\u00c0 moyen terme, favoriser l'apaisement de l'organisme contribue \u00e0 une meilleure qualit\u00e9 de sommeil, une r\u00e9duction de la tension art\u00e9rielle, une optimisation du syst\u00e8me immunitaire et une diminution des tensions musculaires chroniques.\"}}]}]<\/script><\/p>\n","protected":false},"excerpt":{"rendered":"<p>D\u00e9couvrez des conseils pratiques pour cultiver l&#8217;\u00e9quilibre \u00e9motionnel et la s\u00e9r\u00e9nit\u00e9, favorisant un esprit apais\u00e9 et une vie harmonieuse.<\/p>\n","protected":false},"author":2,"featured_media":724,"comment_status":"open","ping_status":"open","sticky":false,"template":"","format":"standard","meta":{"inline_featured_image":false,"footnotes":""},"categories":[24],"tags":[],"class_list":["post-661","post","type-post","status-publish","format-standard","has-post-thumbnail","hentry","category-bien-etre-mental"],"yoast_head":"<!-- This site is optimized with the Yoast SEO plugin v24.6 - https:\/\/yoast.com\/wordpress\/plugins\/seo\/ -->\n<title>\u00c9quilibre \u00e9motionnel et s\u00e9r\u00e9nit\u00e9 : conseils pour un esprit apais\u00e9 - EverydayLiving - Embrace the Extraordinary<\/title>\n<meta name=\"robots\" content=\"index, follow, max-snippet:-1, max-image-preview:large, max-video-preview:-1\" \/>\n<link rel=\"canonical\" href=\"https:\/\/everydayliving.be\/en\/equilibre-emotionnel-et-serenite-conseils-pour-un-esprit-apaise\/\" \/>\n<meta property=\"og:locale\" content=\"en_US\" \/>\n<meta property=\"og:type\" content=\"article\" \/>\n<meta property=\"og:title\" content=\"\u00c9quilibre \u00e9motionnel et s\u00e9r\u00e9nit\u00e9 : conseils pour un esprit apais\u00e9 - EverydayLiving - Embrace the Extraordinary\" \/>\n<meta property=\"og:description\" content=\"D\u00e9couvrez des conseils pratiques pour cultiver l&#039;\u00e9quilibre \u00e9motionnel et la s\u00e9r\u00e9nit\u00e9, favorisant un esprit apais\u00e9 et une vie harmonieuse.\" \/>\n<meta property=\"og:url\" content=\"https:\/\/everydayliving.be\/en\/equilibre-emotionnel-et-serenite-conseils-pour-un-esprit-apaise\/\" \/>\n<meta property=\"og:site_name\" content=\"EverydayLiving - Embrace the Extraordinary\" \/>\n<meta property=\"article:published_time\" content=\"2025-02-26T16:46:13+00:00\" \/>\n<meta property=\"article:modified_time\" content=\"2026-07-20T16:32:23+00:00\" \/>\n<meta property=\"og:image\" content=\"https:\/\/everydayliving.be\/wp-content\/uploads\/2025\/02\/fabianct__Techniques_De_Meditation_Pour_Cultiver_La_Serenite_In_f2769212-ef3c-49da-b6c8-fba78f7743e1.webp\" \/>\n\t<meta property=\"og:image:width\" content=\"1310\" \/>\n\t<meta property=\"og:image:height\" content=\"873\" \/>\n\t<meta property=\"og:image:type\" content=\"image\/webp\" \/>\n<meta name=\"author\" content=\"info@kwizera.bi\" \/>\n<meta name=\"twitter:card\" content=\"summary_large_image\" \/>\n<meta name=\"twitter:label1\" content=\"Written by\" \/>\n\t<meta name=\"twitter:data1\" content=\"info@kwizera.bi\" \/>\n\t<meta name=\"twitter:label2\" content=\"Est. reading time\" \/>\n\t<meta name=\"twitter:data2\" content=\"8 minutes\" \/>\n<script type=\"application\/ld+json\" class=\"yoast-schema-graph\">{\"@context\":\"https:\/\/schema.org\",\"@graph\":[{\"@type\":\"Article\",\"@id\":\"https:\/\/everydayliving.be\/en\/equilibre-emotionnel-et-serenite-conseils-pour-un-esprit-apaise\/#article\",\"isPartOf\":{\"@id\":\"https:\/\/everydayliving.be\/en\/equilibre-emotionnel-et-serenite-conseils-pour-un-esprit-apaise\/\"},\"author\":{\"name\":\"info@kwizera.bi\",\"@id\":\"https:\/\/everydayliving.be\/en\/#\/schema\/person\/4971304cf7ea2deed717b970613b2507\"},\"headline\":\"\u00c9quilibre \u00e9motionnel et s\u00e9r\u00e9nit\u00e9 : conseils pour un esprit apais\u00e9\",\"datePublished\":\"2025-02-26T16:46:13+00:00\",\"dateModified\":\"2026-07-20T16:32:23+00:00\",\"mainEntityOfPage\":{\"@id\":\"https:\/\/everydayliving.be\/en\/equilibre-emotionnel-et-serenite-conseils-pour-un-esprit-apaise\/\"},\"wordCount\":1820,\"commentCount\":0,\"publisher\":{\"@id\":\"https:\/\/everydayliving.be\/en\/#organization\"},\"image\":{\"@id\":\"https:\/\/everydayliving.be\/en\/equilibre-emotionnel-et-serenite-conseils-pour-un-esprit-apaise\/#primaryimage\"},\"thumbnailUrl\":\"https:\/\/everydayliving.be\/wp-content\/uploads\/2025\/02\/fabianct__Techniques_De_Meditation_Pour_Cultiver_La_Serenite_In_f2769212-ef3c-49da-b6c8-fba78f7743e1.webp\",\"articleSection\":[\"Bien-\u00eatre mental\"],\"inLanguage\":\"en-US\",\"potentialAction\":[{\"@type\":\"CommentAction\",\"name\":\"Comment\",\"target\":[\"https:\/\/everydayliving.be\/en\/equilibre-emotionnel-et-serenite-conseils-pour-un-esprit-apaise\/#respond\"]}]},{\"@type\":\"WebPage\",\"@id\":\"https:\/\/everydayliving.be\/en\/equilibre-emotionnel-et-serenite-conseils-pour-un-esprit-apaise\/\",\"url\":\"https:\/\/everydayliving.be\/en\/equilibre-emotionnel-et-serenite-conseils-pour-un-esprit-apaise\/\",\"name\":\"\u00c9quilibre \u00e9motionnel et s\u00e9r\u00e9nit\u00e9 : conseils pour un esprit apais\u00e9 - EverydayLiving - Embrace the Extraordinary\",\"isPartOf\":{\"@id\":\"https:\/\/everydayliving.be\/en\/#website\"},\"primaryImageOfPage\":{\"@id\":\"https:\/\/everydayliving.be\/en\/equilibre-emotionnel-et-serenite-conseils-pour-un-esprit-apaise\/#primaryimage\"},\"image\":{\"@id\":\"https:\/\/everydayliving.be\/en\/equilibre-emotionnel-et-serenite-conseils-pour-un-esprit-apaise\/#primaryimage\"},\"thumbnailUrl\":\"https:\/\/everydayliving.be\/wp-content\/uploads\/2025\/02\/fabianct__Techniques_De_Meditation_Pour_Cultiver_La_Serenite_In_f2769212-ef3c-49da-b6c8-fba78f7743e1.webp\",\"datePublished\":\"2025-02-26T16:46:13+00:00\",\"dateModified\":\"2026-07-20T16:32:23+00:00\",\"breadcrumb\":{\"@id\":\"https:\/\/everydayliving.be\/en\/equilibre-emotionnel-et-serenite-conseils-pour-un-esprit-apaise\/#breadcrumb\"},\"inLanguage\":\"en-US\",\"potentialAction\":[{\"@type\":\"ReadAction\",\"target\":[\"https:\/\/everydayliving.be\/en\/equilibre-emotionnel-et-serenite-conseils-pour-un-esprit-apaise\/\"]}]},{\"@type\":\"ImageObject\",\"inLanguage\":\"en-US\",\"@id\":\"https:\/\/everydayliving.be\/en\/equilibre-emotionnel-et-serenite-conseils-pour-un-esprit-apaise\/#primaryimage\",\"url\":\"https:\/\/everydayliving.be\/wp-content\/uploads\/2025\/02\/fabianct__Techniques_De_Meditation_Pour_Cultiver_La_Serenite_In_f2769212-ef3c-49da-b6c8-fba78f7743e1.webp\",\"contentUrl\":\"https:\/\/everydayliving.be\/wp-content\/uploads\/2025\/02\/fabianct__Techniques_De_Meditation_Pour_Cultiver_La_Serenite_In_f2769212-ef3c-49da-b6c8-fba78f7743e1.webp\",\"width\":1310,\"height\":873,\"caption\":\"\u00c9quilibre \u00e9motionnel et s\u00e9r\u00e9nit\u00e9 : conseils pour un esprit apais\u00e9\"},{\"@type\":\"BreadcrumbList\",\"@id\":\"https:\/\/everydayliving.be\/en\/equilibre-emotionnel-et-serenite-conseils-pour-un-esprit-apaise\/#breadcrumb\",\"itemListElement\":[{\"@type\":\"ListItem\",\"position\":1,\"name\":\"Home\",\"item\":\"https:\/\/everydayliving.be\/en\/\"},{\"@type\":\"ListItem\",\"position\":2,\"name\":\"\u00c9quilibre \u00e9motionnel et s\u00e9r\u00e9nit\u00e9 : conseils pour un esprit apais\u00e9\"}]},{\"@type\":\"WebSite\",\"@id\":\"https:\/\/everydayliving.be\/en\/#website\",\"url\":\"https:\/\/everydayliving.be\/en\/\",\"name\":\"EverydayLiving - Embrace the Extraordinary\",\"description\":\"\",\"publisher\":{\"@id\":\"https:\/\/everydayliving.be\/en\/#organization\"},\"potentialAction\":[{\"@type\":\"SearchAction\",\"target\":{\"@type\":\"EntryPoint\",\"urlTemplate\":\"https:\/\/everydayliving.be\/en\/?s={search_term_string}\"},\"query-input\":{\"@type\":\"PropertyValueSpecification\",\"valueRequired\":true,\"valueName\":\"search_term_string\"}}],\"inLanguage\":\"en-US\"},{\"@type\":\"Organization\",\"@id\":\"https:\/\/everydayliving.be\/en\/#organization\",\"name\":\"EverydayLiving - Embrace the Extraordinary\",\"url\":\"https:\/\/everydayliving.be\/en\/\",\"logo\":{\"@type\":\"ImageObject\",\"inLanguage\":\"en-US\",\"@id\":\"https:\/\/everydayliving.be\/en\/#\/schema\/logo\/image\/\",\"url\":\"https:\/\/everydayliving.be\/wp-content\/uploads\/2024\/11\/Rima-Reyes-1-1-removebg-preview.png\",\"contentUrl\":\"https:\/\/everydayliving.be\/wp-content\/uploads\/2024\/11\/Rima-Reyes-1-1-removebg-preview.png\",\"width\":500,\"height\":500,\"caption\":\"EverydayLiving - Embrace the Extraordinary\"},\"image\":{\"@id\":\"https:\/\/everydayliving.be\/en\/#\/schema\/logo\/image\/\"}},{\"@type\":\"Person\",\"@id\":\"https:\/\/everydayliving.be\/en\/#\/schema\/person\/4971304cf7ea2deed717b970613b2507\",\"name\":\"info@kwizera.bi\",\"image\":{\"@type\":\"ImageObject\",\"inLanguage\":\"en-US\",\"@id\":\"https:\/\/everydayliving.be\/en\/#\/schema\/person\/image\/\",\"url\":\"https:\/\/secure.gravatar.com\/avatar\/4b255983682351b7e77d4eac407a99eba8ae0c62610677afbc95111e673d4af9?s=96&d=mm&r=g\",\"contentUrl\":\"https:\/\/secure.gravatar.com\/avatar\/4b255983682351b7e77d4eac407a99eba8ae0c62610677afbc95111e673d4af9?s=96&d=mm&r=g\",\"caption\":\"info@kwizera.bi\"},\"url\":\"https:\/\/everydayliving.be\/en\/author\/infokwizera-bi\/\"}]}<\/script>\n<!-- \/ Yoast SEO plugin. -->","yoast_head_json":{"title":"\u00c9quilibre \u00e9motionnel et s\u00e9r\u00e9nit\u00e9 : conseils pour un esprit apais\u00e9 - EverydayLiving - Embrace the Extraordinary","robots":{"index":"index","follow":"follow","max-snippet":"max-snippet:-1","max-image-preview":"max-image-preview:large","max-video-preview":"max-video-preview:-1"},"canonical":"https:\/\/everydayliving.be\/en\/equilibre-emotionnel-et-serenite-conseils-pour-un-esprit-apaise\/","og_locale":"en_US","og_type":"article","og_title":"\u00c9quilibre \u00e9motionnel et s\u00e9r\u00e9nit\u00e9 : conseils pour un esprit apais\u00e9 - EverydayLiving - Embrace the Extraordinary","og_description":"D\u00e9couvrez des conseils pratiques pour cultiver l'\u00e9quilibre \u00e9motionnel et la s\u00e9r\u00e9nit\u00e9, favorisant un esprit apais\u00e9 et une vie harmonieuse.","og_url":"https:\/\/everydayliving.be\/en\/equilibre-emotionnel-et-serenite-conseils-pour-un-esprit-apaise\/","og_site_name":"EverydayLiving - Embrace the Extraordinary","article_published_time":"2025-02-26T16:46:13+00:00","article_modified_time":"2026-07-20T16:32:23+00:00","og_image":[{"width":1310,"height":873,"url":"https:\/\/everydayliving.be\/wp-content\/uploads\/2025\/02\/fabianct__Techniques_De_Meditation_Pour_Cultiver_La_Serenite_In_f2769212-ef3c-49da-b6c8-fba78f7743e1.webp","type":"image\/webp"}],"author":"info@kwizera.bi","twitter_card":"summary_large_image","twitter_misc":{"Written by":"info@kwizera.bi","Est. reading time":"8 minutes"},"schema":{"@context":"https:\/\/schema.org","@graph":[{"@type":"Article","@id":"https:\/\/everydayliving.be\/en\/equilibre-emotionnel-et-serenite-conseils-pour-un-esprit-apaise\/#article","isPartOf":{"@id":"https:\/\/everydayliving.be\/en\/equilibre-emotionnel-et-serenite-conseils-pour-un-esprit-apaise\/"},"author":{"name":"info@kwizera.bi","@id":"https:\/\/everydayliving.be\/en\/#\/schema\/person\/4971304cf7ea2deed717b970613b2507"},"headline":"\u00c9quilibre \u00e9motionnel et s\u00e9r\u00e9nit\u00e9 : conseils pour un esprit apais\u00e9","datePublished":"2025-02-26T16:46:13+00:00","dateModified":"2026-07-20T16:32:23+00:00","mainEntityOfPage":{"@id":"https:\/\/everydayliving.be\/en\/equilibre-emotionnel-et-serenite-conseils-pour-un-esprit-apaise\/"},"wordCount":1820,"commentCount":0,"publisher":{"@id":"https:\/\/everydayliving.be\/en\/#organization"},"image":{"@id":"https:\/\/everydayliving.be\/en\/equilibre-emotionnel-et-serenite-conseils-pour-un-esprit-apaise\/#primaryimage"},"thumbnailUrl":"https:\/\/everydayliving.be\/wp-content\/uploads\/2025\/02\/fabianct__Techniques_De_Meditation_Pour_Cultiver_La_Serenite_In_f2769212-ef3c-49da-b6c8-fba78f7743e1.webp","articleSection":["Bien-\u00eatre mental"],"inLanguage":"en-US","potentialAction":[{"@type":"CommentAction","name":"Comment","target":["https:\/\/everydayliving.be\/en\/equilibre-emotionnel-et-serenite-conseils-pour-un-esprit-apaise\/#respond"]}]},{"@type":"WebPage","@id":"https:\/\/everydayliving.be\/en\/equilibre-emotionnel-et-serenite-conseils-pour-un-esprit-apaise\/","url":"https:\/\/everydayliving.be\/en\/equilibre-emotionnel-et-serenite-conseils-pour-un-esprit-apaise\/","name":"\u00c9quilibre \u00e9motionnel et s\u00e9r\u00e9nit\u00e9 : conseils pour un esprit apais\u00e9 - EverydayLiving - Embrace the Extraordinary","isPartOf":{"@id":"https:\/\/everydayliving.be\/en\/#website"},"primaryImageOfPage":{"@id":"https:\/\/everydayliving.be\/en\/equilibre-emotionnel-et-serenite-conseils-pour-un-esprit-apaise\/#primaryimage"},"image":{"@id":"https:\/\/everydayliving.be\/en\/equilibre-emotionnel-et-serenite-conseils-pour-un-esprit-apaise\/#primaryimage"},"thumbnailUrl":"https:\/\/everydayliving.be\/wp-content\/uploads\/2025\/02\/fabianct__Techniques_De_Meditation_Pour_Cultiver_La_Serenite_In_f2769212-ef3c-49da-b6c8-fba78f7743e1.webp","datePublished":"2025-02-26T16:46:13+00:00","dateModified":"2026-07-20T16:32:23+00:00","breadcrumb":{"@id":"https:\/\/everydayliving.be\/en\/equilibre-emotionnel-et-serenite-conseils-pour-un-esprit-apaise\/#breadcrumb"},"inLanguage":"en-US","potentialAction":[{"@type":"ReadAction","target":["https:\/\/everydayliving.be\/en\/equilibre-emotionnel-et-serenite-conseils-pour-un-esprit-apaise\/"]}]},{"@type":"ImageObject","inLanguage":"en-US","@id":"https:\/\/everydayliving.be\/en\/equilibre-emotionnel-et-serenite-conseils-pour-un-esprit-apaise\/#primaryimage","url":"https:\/\/everydayliving.be\/wp-content\/uploads\/2025\/02\/fabianct__Techniques_De_Meditation_Pour_Cultiver_La_Serenite_In_f2769212-ef3c-49da-b6c8-fba78f7743e1.webp","contentUrl":"https:\/\/everydayliving.be\/wp-content\/uploads\/2025\/02\/fabianct__Techniques_De_Meditation_Pour_Cultiver_La_Serenite_In_f2769212-ef3c-49da-b6c8-fba78f7743e1.webp","width":1310,"height":873,"caption":"\u00c9quilibre \u00e9motionnel et s\u00e9r\u00e9nit\u00e9 : conseils pour un esprit apais\u00e9"},{"@type":"BreadcrumbList","@id":"https:\/\/everydayliving.be\/en\/equilibre-emotionnel-et-serenite-conseils-pour-un-esprit-apaise\/#breadcrumb","itemListElement":[{"@type":"ListItem","position":1,"name":"Home","item":"https:\/\/everydayliving.be\/en\/"},{"@type":"ListItem","position":2,"name":"\u00c9quilibre \u00e9motionnel et s\u00e9r\u00e9nit\u00e9 : conseils pour un esprit apais\u00e9"}]},{"@type":"WebSite","@id":"https:\/\/everydayliving.be\/en\/#website","url":"https:\/\/everydayliving.be\/en\/","name":"EverydayLiving - Embrace the Extraordinary","description":"","publisher":{"@id":"https:\/\/everydayliving.be\/en\/#organization"},"potentialAction":[{"@type":"SearchAction","target":{"@type":"EntryPoint","urlTemplate":"https:\/\/everydayliving.be\/en\/?s={search_term_string}"},"query-input":{"@type":"PropertyValueSpecification","valueRequired":true,"valueName":"search_term_string"}}],"inLanguage":"en-US"},{"@type":"Organization","@id":"https:\/\/everydayliving.be\/en\/#organization","name":"EverydayLiving - Embrace the Extraordinary","url":"https:\/\/everydayliving.be\/en\/","logo":{"@type":"ImageObject","inLanguage":"en-US","@id":"https:\/\/everydayliving.be\/en\/#\/schema\/logo\/image\/","url":"https:\/\/everydayliving.be\/wp-content\/uploads\/2024\/11\/Rima-Reyes-1-1-removebg-preview.png","contentUrl":"https:\/\/everydayliving.be\/wp-content\/uploads\/2024\/11\/Rima-Reyes-1-1-removebg-preview.png","width":500,"height":500,"caption":"EverydayLiving - Embrace the Extraordinary"},"image":{"@id":"https:\/\/everydayliving.be\/en\/#\/schema\/logo\/image\/"}},{"@type":"Person","@id":"https:\/\/everydayliving.be\/en\/#\/schema\/person\/4971304cf7ea2deed717b970613b2507","name":"info@kwizera.bi","image":{"@type":"ImageObject","inLanguage":"en-US","@id":"https:\/\/everydayliving.be\/en\/#\/schema\/person\/image\/","url":"https:\/\/secure.gravatar.com\/avatar\/4b255983682351b7e77d4eac407a99eba8ae0c62610677afbc95111e673d4af9?s=96&d=mm&r=g","contentUrl":"https:\/\/secure.gravatar.com\/avatar\/4b255983682351b7e77d4eac407a99eba8ae0c62610677afbc95111e673d4af9?s=96&d=mm&r=g","caption":"info@kwizera.bi"},"url":"https:\/\/everydayliving.be\/en\/author\/infokwizera-bi\/"}]}},"_links":{"self":[{"href":"https:\/\/everydayliving.be\/en\/wp-json\/wp\/v2\/posts\/661","targetHints":{"allow":["GET"]}}],"collection":[{"href":"https:\/\/everydayliving.be\/en\/wp-json\/wp\/v2\/posts"}],"about":[{"href":"https:\/\/everydayliving.be\/en\/wp-json\/wp\/v2\/types\/post"}],"author":[{"embeddable":true,"href":"https:\/\/everydayliving.be\/en\/wp-json\/wp\/v2\/users\/2"}],"replies":[{"embeddable":true,"href":"https:\/\/everydayliving.be\/en\/wp-json\/wp\/v2\/comments?post=661"}],"version-history":[{"count":0,"href":"https:\/\/everydayliving.be\/en\/wp-json\/wp\/v2\/posts\/661\/revisions"}],"wp:featuredmedia":[{"embeddable":true,"href":"https:\/\/everydayliving.be\/en\/wp-json\/wp\/v2\/media\/724"}],"wp:attachment":[{"href":"https:\/\/everydayliving.be\/en\/wp-json\/wp\/v2\/media?parent=661"}],"wp:term":[{"taxonomy":"category","embeddable":true,"href":"https:\/\/everydayliving.be\/en\/wp-json\/wp\/v2\/categories?post=661"},{"taxonomy":"post_tag","embeddable":true,"href":"https:\/\/everydayliving.be\/en\/wp-json\/wp\/v2\/tags?post=661"}],"curies":[{"name":"wp","href":"https:\/\/api.w.org\/{rel}","templated":true}]}}