{"id":289,"date":"2024-11-12T13:25:25","date_gmt":"2024-11-12T13:25:25","guid":{"rendered":"https:\/\/everydayliving.be\/?p=289"},"modified":"2026-07-20T16:26:54","modified_gmt":"2026-07-20T16:26:54","slug":"cinema-independant-les-films-a-ne-pas-manquer-cette-annee","status":"publish","type":"post","link":"https:\/\/everydayliving.be\/en\/cinema-independant-les-films-a-ne-pas-manquer-cette-annee\/","title":{"rendered":"Cin\u00e9ma Ind\u00e9pendant : Les Films \u00e0 Ne Pas Manquer Cette Ann\u00e9e"},"content":{"rendered":"<p>Le cin\u00e9ma ind\u00e9pendant souffre souvent d&#8217;une image fauss\u00e9e, celle d&#8217;un art confin\u00e9 \u00e0 une sph\u00e8re restreinte et exigeant un effort financier cons\u00e9quent pour des s\u00e9ances confidentielles. En septembre 2025, cette perception vise \u00e0 \u00eatre remise en question en Belgique. L&#8217;acc\u00e8s aux \u0153uvres d&#8217;auteur se red\u00e9finit par une politique tarifaire et g\u00e9ographique in\u00e9dite, avec pour objectif d&#8217;encourager la fr\u00e9quentation des salles en cette rentr\u00e9e.<\/p>\n<p>Du 1er au 30 septembre 2025, la 5e \u00e9dition de l&#8217;op\u00e9ration \u00ab J&#8217;peux pas j&#8217;ai cin\u00e9ma ! \u00bb propose 21 500 places au tarif exceptionnel de 2 euros, selon un communiqu\u00e9 de la F\u00e9d\u00e9ration Wallonie-Bruxelles (2025). Cette initiative gouvernementale cherche \u00e0 encourager la d\u00e9couverte des \u0153uvres d&#8217;Art &#038; Essai face aux grands complexes commerciaux.<\/p>\n<p>Gr\u00e2ce \u00e0 un r\u00e9seau de diffusion soigneusement r\u00e9parti sur tout le territoire francophone, les p\u00e9pites issues des grands festivals internationaux deviennent aussi accessibles qu&#8217;un titre en vid\u00e9o \u00e0 la demande. Ce guide d\u00e9taille les enjeux de cette \u00e9dition 2025, analyse les films prim\u00e9s \u00e0 l&#8217;affiche et fournit la m\u00e9thodologie pr\u00e9cise pour s\u00e9curiser ses billets sans subir les ruptures de stock.<\/p>\n<h2>Quels sont les points cl\u00e9s \u00e0 retenir ?<\/h2>\n<ul>\n<li>L&#8217;op\u00e9ration \u00ab J&#8217;peux pas j&#8217;ai cin\u00e9ma ! \u00bb se d\u00e9roule du 1er au 30 septembre 2025 avec <strong>21 500 tickets<\/strong> mis en circulation, selon la F\u00e9d\u00e9ration Wallonie-Bruxelles.<\/li>\n<li>Le tarif unique est fix\u00e9 \u00e0 2 \u20ac pour des s\u00e9ances sp\u00e9cifiques de cin\u00e9ma ind\u00e9pendant.<\/li>\n<li>Le r\u00e9seau s&#8217;appuie sur 40 salles partenaires r\u00e9parties en Wallonie et \u00e0 Bruxelles, dont 12 cin\u00e9mas Art &#038; Essai soutenus structurellement par la F\u00e9d\u00e9ration Wallonie-Bruxelles.<\/li>\n<li>Les ventes s&#8217;effectuent en trois vagues hebdomadaires (le lundi \u00e0 20h, le mercredi \u00e0 14h et le vendredi \u00e0 12h) avec une r\u00e9servation obligatoire la veille.<\/li>\n<li>La s\u00e9lection met \u00e0 l&#8217;honneur des films r\u00e9cents soutenus par les institutions europ\u00e9ennes ainsi que des \u0153uvres patrimoniales.<\/li>\n<\/ul>\n<h2>Pourquoi Bruxelles et la Wallonie sont-elles le c\u0153ur du cin\u00e9ma ind\u00e9pendant ?<\/h2>\n<h3>Un ancrage historique fondamental<\/h3>\n<p>L&#8217;exp\u00e9rience cin\u00e9matographique est fr\u00e9quemment associ\u00e9e au mythe hollywoodien et \u00e0 l&#8217;h\u00e9g\u00e9monie de l&#8217;industrie nord-am\u00e9ricaine. Pourtant, la Belgique poss\u00e8de une l\u00e9gitimit\u00e9 fondatrice dans l&#8217;histoire de l&#8217;image anim\u00e9e, un h\u00e9ritage qui \u00e9claire la vitalit\u00e9 de son parc actuel de salles obscures.<\/p>\n<p>D\u00e8s 1832, le scientifique belge Joseph Plateau r\u00e9volutionne la perception visuelle en inventant le <strong>Ph\u00e9nakistiscope<\/strong>, le premier dispositif technique permettant de cr\u00e9er l&#8217;illusion d&#8217;une image en mouvement.<\/p>\n<h3>Des pionniers \u00e0 l&#8217;exploitation moderne<\/h3>\n<p>Cette ing\u00e9niosit\u00e9 locale trouve un \u00e9cho direct quelques d\u00e9cennies plus tard. Lorsque les fr\u00e8res Lumi\u00e8re cherchent \u00e0 exporter leur cin\u00e9matographe, ils ne choisissent ni Londres ni Berlin pour leur premi\u00e8re projection publique hors de France, mais bien les Galeries Royales Saint-Hubert \u00e0 Bruxelles.<\/p>\n<p>Ce choix historique ancre durablement la culture de la projection publique sur le territoire. Le spectateur belge n&#8217;est pas un simple consommateur p\u00e9riph\u00e9rique du cin\u00e9ma mondial ; il \u00e9volue sur une terre historiquement pionni\u00e8re.<\/p>\n<h3>Le maillage contemporain des salles<\/h3>\n<p>Aujourd&#8217;hui, cet ADN historique se manifeste par une r\u00e9sistance remarquable de l&#8217;exploitation ind\u00e9pendante. L&#8217;op\u00e9ration de la rentr\u00e9e 2025 s&#8217;appuie sur 40 salles de cin\u00e9ma, un chiffre particuli\u00e8rement \u00e9lev\u00e9 au regard de la superficie du territoire. Parmi celles-ci, 12 cin\u00e9mas Art &#038; Essai sont soutenus structurellement par la F\u00e9d\u00e9ration Wallonie-Bruxelles.<\/p>\n<p>Ces lieux ne sont pas de simples salles de diffusion de seconde zone, mais les descendants d&#8217;une tradition de l&#8217;image qui a toujours privil\u00e9gi\u00e9 l&#8217;innovation esth\u00e9tique. Comprendre ce lien historique permet de percevoir que l&#8217;acte de franchir les portes d&#8217;un cin\u00e9ma de quartier s&#8217;inscrit dans une continuit\u00e9 culturelle profonde.<\/p>\n<h2>Comment fonctionne le mod\u00e8le \u00e9conomique pour voir les films \u00e0 2 euros ?<\/h2>\n<h3>La m\u00e9canique de la subvention invers\u00e9e<\/h3>\n<p>Proposer un billet de cin\u00e9ma \u00e0 2 euros dans un contexte \u00e9conomique inflationniste soul\u00e8ve une question l\u00e9gitime : comment les petites structures d&#8217;exploitation ind\u00e9pendantes peuvent-elles survivre \u00e0 une telle baisse de revenus ? Le mod\u00e8le \u00e9conomique de l&#8217;op\u00e9ration repose sur un syst\u00e8me de compensation financi\u00e8re garanti par les pouvoirs publics.<\/p>\n<p>Le spectateur s&#8217;acquitte d&#8217;une participation tr\u00e8s r\u00e9duite, mais la salle ne perd pas en rentabilit\u00e9 : la F\u00e9d\u00e9ration Wallonie-Bruxelles rembourse la diff\u00e9rence jusqu&#8217;\u00e0 atteindre le tarif plein habituel pour chaque billet \u00e9mis.<\/p>\n<h3>Un investissement cibl\u00e9 sur la demande<\/h3>\n<p>Cette approche fonctionne comme une subvention invers\u00e9e et directe. Au lieu d&#8217;injecter des fonds uniquement dans la production et le tournage des \u0153uvres, l&#8217;institution finance directement l&#8217;acte de consommation pour stimuler la fr\u00e9quentation.<\/p>\n<p>Elisabeth Degryse, directrice du Centre du Cin\u00e9ma et de l&#8217;Audiovisuel \u00e0 la F\u00e9d\u00e9ration Wallonie-Bruxelles, d\u00e9taille la volont\u00e9 politique derri\u00e8re ce m\u00e9canisme : \u00ab Avec J\u2019peux, pas j\u2019ai cin\u00e9ma !, nous invitons le public [&#8230;] \u00e0 pousser les portes des salles obscures aux quatre coins de la F\u00e9d\u00e9ration Wallonie-Bruxelles et \u00e0 (re)d\u00e9couvrir notre cin\u00e9ma ind\u00e9pendant. [&#8230;] Pendant un mois, chacun pourra, pour seulement 2 \u20ac, voir des \u0153uvres soutenues par le Centre du Cin\u00e9ma et de l\u2019Audiovisuel \u00bb.<\/p>\n<h3>Les crit\u00e8res artistiques d&#8217;\u00e9ligibilit\u00e9<\/h3>\n<p>L&#8217;impact de cet investissement public est strictement encadr\u00e9. Les 21 500 places subventionn\u00e9es ne s&#8217;appliquent pas aux superproductions standardis\u00e9es. Les films \u00e9ligibles r\u00e9pondent \u00e0 des crit\u00e8res pr\u00e9cis :<\/p>\n<ul>\n<li>Les \u0153uvres ayant b\u00e9n\u00e9fici\u00e9 du soutien du Centre du Cin\u00e9ma et de l\u2019Audiovisuel.<\/li>\n<li>Les films d&#8217;auteur labellis\u00e9s Art &#038; Essai par le programme Europe Cr\u00e9ative.<\/li>\n<li>Les \u0153uvres de patrimoine poss\u00e9dant plus de 15 ans d&#8217;anciennet\u00e9.<\/li>\n<\/ul>\n<p>Cette architecture \u00e9conomique garantit que les fonds publics soutiennent exclusivement la diversit\u00e9 culturelle, permettant au spectateur de financer indirectement le maintien d&#8217;une offre cin\u00e9matographique plurielle et audacieuse.<\/p>\n<h2>Quels sont les films ind\u00e9pendants \u00e0 ne pas manquer en 2025 ?<\/h2>\n<h3>Les r\u00e9v\u00e9lations internationales<\/h3>\n<p>L&#8217;attrait majeur de ce mois de septembre 2025 r\u00e9side dans la rigueur de la s\u00e9lection propos\u00e9e. Les salles programment de v\u00e9ritables \u0153uvres de r\u00e9f\u00e9rence, souvent prim\u00e9es dans les s\u00e9lections officielles de Cannes ou de la Berlinale. Parmi les t\u00eates d&#8217;affiche incontournables, <em>Valeur sentimentale<\/em> du r\u00e9alisateur norv\u00e9gien Joachim Trier s&#8217;impose comme une exploration poignante des dynamiques familiales. Sa pr\u00e9sence permet au public de se confronter \u00e0 un cin\u00e9ma nordique \u00e0 la fois exigeant et profond\u00e9ment humain.<\/p>\n<h3>Le cin\u00e9ma francophone en force<\/h3>\n<p>La cr\u00e9ation fran\u00e7aise est brillamment repr\u00e9sent\u00e9e avec <em>Enzo<\/em>, la nouvelle r\u00e9alisation de Robin Campillo. Connu pour son traitement minutieux des luttes sociales et intimes, le cin\u00e9aste livre ici un long-m\u00e9trage qui s&#8217;inscrit parfaitement dans la ligne \u00e9ditoriale des cin\u00e9mas de recherche.<\/p>\n<p>C\u00f4t\u00e9 belge, le talent national est mis \u00e0 l&#8217;honneur avec <em>Les Tourment\u00e9s<\/em> de Lucas Belvaux. Ce drame offre une r\u00e9flexion incisive ancr\u00e9e dans les r\u00e9alit\u00e9s socio-\u00e9conomiques locales, illustrant la n\u00e9cessit\u00e9 du soutien du Centre du Cin\u00e9ma et de l\u2019Audiovisuel \u00e0 la production domestique.<\/p>\n<h3>L&#8217;audace esth\u00e9tique au rendez-vous<\/h3>\n<p>La programmation s&#8217;ouvre \u00e9galement sur des propositions esth\u00e9tiques plus radicales. La r\u00e9alisatrice Julia Ducourneau, habitu\u00e9e \u00e0 repousser les limites de la repr\u00e9sentation corporelle, figure dans la s\u00e9lection avec <em>Alpha<\/em>. Ce film transcende les fronti\u00e8res du cin\u00e9ma de genre europ\u00e9en, offrant une intensit\u00e9 visuelle qui justifie pleinement l&#8217;exp\u00e9rience sur grand \u00e9cran.<\/p>\n<p>Enfin, le cin\u00e9ma ib\u00e9rique est repr\u00e9sent\u00e9 par <em>Sorda<\/em> d&#8217;Eva Libertad. Cette \u0153uvre singuli\u00e8re interroge la perception auditive et les m\u00e9canismes d&#8217;isolement, d\u00e9montrant la capacit\u00e9 du cin\u00e9ma ind\u00e9pendant \u00e0 renouveler les formes narratives conventionnelles.<\/p>\n<p>L&#8217;acc\u00e8s \u00e0 ces cinq \u0153uvres d&#8217;exception pour seulement 2 euros l\u00e8ve la barri\u00e8re financi\u00e8re qui freine habituellement la curiosit\u00e9 du grand public face aux auteurs moins expos\u00e9s par les campagnes marketing traditionnelles.<\/p>\n<h2>Comment s\u00e9curiser vos places \u00e0 2\u20ac avec la m\u00e9thode des 3 temps ?<\/h2>\n<h3>L&#8217;anticipation comme ma\u00eetre-mot<\/h3>\n<p>Face \u00e0 l&#8217;attractivit\u00e9 exceptionnelle de l&#8217;offre, la billetterie exige une approche tactique rigoureuse. Les billets subventionn\u00e9s ne sont pas inject\u00e9s en une seule fois sur les serveurs, mais selon une logique de flux contr\u00f4l\u00e9s. Cette m\u00e9thode \u00e9vite la saturation technique et offre plusieurs chances aux spectateurs.<\/p>\n<p>Voici la strat\u00e9gie des trois fen\u00eatres pour s\u00e9curiser ses r\u00e9servations durant tout le mois de septembre :<\/p>\n<ol>\n<li><strong>Le Lundi \u00e0 20h : L&#8217;Assaut des Cin\u00e9philes<\/strong><\/li>\n<\/ol>\n<p>   C&#8217;est le premier point d&#8217;acc\u00e8s de la semaine. Il est imp\u00e9ratif de viser cette fen\u00eatre pour r\u00e9server les s\u00e9ances des t\u00eates d&#8217;affiche prestigieuses (comme <em>Alpha<\/em> ou <em>Valeur sentimentale<\/em>). Les s\u00e9ances de premi\u00e8re partie de semaine sont g\u00e9n\u00e9ralement prises d&#8217;assaut d\u00e8s l&#8217;ouverture.<\/p>\n<ol>\n<li><strong>Le Mercredi \u00e0 14h : La Fen\u00eatre de Mi-Semaine<\/strong><\/li>\n<\/ol>\n<p>   Cette deuxi\u00e8me mise en ligne permet de capter les places pour les s\u00e9ances du mercredi soir et du jeudi. C&#8217;est le cr\u00e9neau optimal pour les \u00e9tudiants ou les spectateurs b\u00e9n\u00e9ficiant d&#8217;une flexibilit\u00e9 horaire en milieu de journ\u00e9e.<\/p>\n<ol>\n<li><strong>Le Vendredi \u00e0 12h : La Cible du Week-end<\/strong><\/li>\n<\/ol>\n<p>   Ultime opportunit\u00e9 hebdomadaire, ce cr\u00e9neau est le plus strat\u00e9gique pour s&#8217;assurer une place lors des fortes affluences du samedi et du dimanche. Une r\u00e9activit\u00e9 maximale est requise \u00e0 la minute pr\u00e8s.<\/p>\n<h3>Les contraintes techniques et le quota jeunesse<\/h3>\n<p>Deux param\u00e8tres suppl\u00e9mentaires structurent cette r\u00e9servation centralis\u00e9e via le portail www.jaicinema.be. D&#8217;une part, le syst\u00e8me bloque les transactions \u00e0 minuit pile, la veille de la s\u00e9ance choisie. Tout achat impulsif au guichet le jour de la projection est donc impossible au tarif r\u00e9duit.<\/p>\n<p>D&#8217;autre part, la politique institutionnelle int\u00e8gre un objectif de renouvellement des audiences : un quota sp\u00e9cifique de places est verrouill\u00e9 et r\u00e9serv\u00e9 exclusivement aux moins de 26 ans. Cette mesure concr\u00e8te vise \u00e0 ramener vers la salle de cin\u00e9ma une jeunesse souvent capt\u00e9e par les plateformes de vid\u00e9o \u00e0 la demande.<\/p>\n<h2>O\u00f9 trouver les salles partenaires pr\u00e8s de chez vous ?<\/h2>\n<h3>Un maillage g\u00e9ographique \u00e9quilibr\u00e9<\/h3>\n<p>L&#8217;un des atouts logistiques de cette 5e \u00e9dition r\u00e9side dans son ancrage territorial. Il n&#8217;est pas n\u00e9cessaire de r\u00e9sider dans l&#8217;hypercentre de la capitale pour avoir acc\u00e8s \u00e0 une programmation internationale exigeante. Selon les donn\u00e9es de la F\u00e9d\u00e9ration Wallonie-Bruxelles, les 40 salles partenaires quadrillent minutieusement l&#8217;ensemble de la r\u00e9gion francophone.<\/p>\n<h3>La r\u00e9partition par province<\/h3>\n<p>Si Bruxelles conserve logiquement une densit\u00e9 importante avec 10 cin\u00e9mas participants, la Wallonie affiche une implication structurelle forte. Le Hainaut et la province de Li\u00e8ge d\u00e9nombrent chacun 7 \u00e9tablissements partenaires impliqu\u00e9s dans l&#8217;op\u00e9ration de septembre.<\/p>\n<p>Le Brabant Wallon et la province de Luxembourg affichent \u00e9galement un maillage solide avec 6 salles par territoire, tandis que la province de Namur compte 4 cin\u00e9mas engag\u00e9s.<\/p>\n<h3>Valoriser la proximit\u00e9 culturelle<\/h3>\n<p>Cette r\u00e9partition strat\u00e9gique offre aux spectateurs l&#8217;opportunit\u00e9 de soutenir directement l&#8217;\u00e9conomie de leur quartier. Pour sortir <a href=\"https:\/\/everydayliving.be\/en\/voyage-et-decouverte-destinations-hors-des-sentiers-battus\/\">des sentiers battus<\/a> de la simple sortie bruxelloise, le public est incit\u00e9 \u00e0 pousser les portes des petits \u00e9crans locaux et des centres culturels de province.<\/p>\n<p>Ces lieux de diffusion \u00e0 taille humaine garantissent une proximit\u00e9 directe avec l&#8217;\u0153uvre, prouvant que la p\u00e9rennit\u00e9 du cin\u00e9ma ind\u00e9pendant repose avant tout sur une pr\u00e9sence physique d\u00e9centralis\u00e9e dans les bassins de vie.<\/p>\n<h2>Foire Aux Questions : Comment profiter du cin\u00e9ma ind\u00e9pendant en pratique ?<\/h2>\n<h3>Quels sont les films pr\u00e9cis\u00e9ment \u00e9ligibles au tarif de 2 \u20ac ?<\/h3>\n<p>L&#8217;offre ne s&#8217;applique pas aux superproductions commerciales. Le tarif r\u00e9duit est exclusivement valable pour les longs-m\u00e9trages soutenus par le Centre du Cin\u00e9ma et de l\u2019Audiovisuel, les films d&#8217;auteur int\u00e9gr\u00e9s au programme Europe Cr\u00e9ative (label Art &#038; Essai), ainsi que pour les \u0153uvres cin\u00e9matographiques de patrimoine \u00e2g\u00e9es de plus de 15 ans.<\/p>\n<h3>Comment fonctionne la contrainte temporelle de la billetterie ?<\/h3>\n<p>La r\u00e9servation est soumise \u00e0 un d\u00e9lai de traitement strict. Il est imp\u00e9ratif de valider sa place sur la plateforme d\u00e9di\u00e9e au plus tard \u00e0 minuit, la veille de la s\u00e9ance pr\u00e9vue. Les billets sont rendus disponibles progressivement selon un rythme hebdomadaire fixe : le lundi \u00e0 20h, le mercredi \u00e0 14h et le vendredi \u00e0 12h.<\/p>\n<h3>Y a-t-il des avantages sp\u00e9cifiques pour les jeunes spectateurs ?<\/h3>\n<p>Bien que l&#8217;initiative soit ouverte \u00e0 l&#8217;ensemble des citoyens, un quota math\u00e9matique de billets est sp\u00e9cifiquement r\u00e9serv\u00e9 pour les moins de 26 ans. Ce m\u00e9canisme vise \u00e0 inciter un public jeune, souvent habitu\u00e9 aux offres num\u00e9riques, \u00e0 franchir le cap de l&#8217;exp\u00e9rience collective en salle.<\/p>\n<h2>Conclusion : Cette initiative repr\u00e9sente-t-elle une nouvelle voie contre le streaming ?<\/h2>\n<p>L&#8217;ampleur de l&#8217;op\u00e9ration d\u00e9ploy\u00e9e en septembre 2025 pose une interrogation fondamentale quant \u00e0 l&#8217;avenir de la distribution des films d&#8217;auteur. Alors que les algorithmes de recommandation des plateformes num\u00e9riques tendent \u00e0 isoler le spectateur dans des choix pr\u00e9visibles, le mod\u00e8le hybride belge d\u00e9montre la force de l&#8217;intervention publique.<\/p>\n<p>En abaissant radicalement le risque financier li\u00e9 \u00e0 la d\u00e9couverte d&#8217;une \u0153uvre complexe, ce dispositif pourrait bien repr\u00e9senter le levier d&#8217;action le plus efficace pour garantir la fr\u00e9quentation physique des salles d&#8217;Art &#038; Essai face aux g\u00e9ants du streaming.<\/p>\n<p>Toutefois, cette op\u00e9ration fait face \u00e0 des limites structurelles : elle reste ponctuelle (sur un seul mois) et circonscrite \u00e0 un volume limit\u00e9 de 21 500 tickets subventionn\u00e9s. Il reste donc \u00e0 observer si ce choc tarifaire g\u00e9n\u00e9rera des habitudes de consommation durables chez les nouveaux spectateurs pour le reste de l&#8217;ann\u00e9e, une fois les tarifs habituels r\u00e9tablis.<\/p>\n<p><script type=\"application\/ld+json\">[{\"@context\": \"https:\/\/schema.org\", \"@type\": \"Article\", \"headline\": \"Cin\u00e9ma Ind\u00e9pendant en Belgique : Les Films \u00e0 Ne Pas Manquer en 2025 (et Comment les Voir \u00e0 2\u20ac)\", \"description\": \"D\u00e9couvrez les films ind\u00e9pendants incontournables de 2025 et le guide strat\u00e9gique pour profiter des 21 500 places \u00e0 2\u20ac de l'op\u00e9ration 'J'peux pas j'ai cin\u00e9ma'.\", \"wordCount\": 1986, \"inLanguage\": \"fr\", \"url\": \"https:\/\/everydayliving.be\/cinema-independant-les-films-a-ne-pas-manquer-cette-annee\/\", \"dateModified\": \"2026-07-15T18:57:42.124847+00:00\"}, {\"@context\": \"https:\/\/schema.org\", \"@type\": \"FAQPage\", \"mainEntity\": [{\"@type\": \"Question\", \"name\": \"Quels sont les points cl\u00e9s \u00e0 retenir ?\", \"acceptedAnswer\": {\"@type\": \"Answer\", \"text\": \"- L'op\u00e9ration \u00ab J'peux pas j'ai cin\u00e9ma ! \u00bb se d\u00e9roule du 1er au 30 septembre 2025 avec **21 500 tickets** mis en circulation, selon la F\u00e9d\u00e9ration Wallonie-Bruxelles.\\n- Le tarif unique est fix\u00e9 \u00e0 2 \u20ac pour des s\u00e9ances sp\u00e9cifiques de cin\u00e9ma ind\u00e9pendant.\\n- Le r\u00e9seau s'appuie sur 40 salles partenaires r\u00e9parties en Wallonie et \u00e0 Bruxelles, dont 12 cin\u00e9mas Art & Essai soutenus structurellement par la F\u00e9d\u00e9ration Wallonie-Bruxelles.\\n- Les ventes s'effectuent en trois vagues hebdomadaires (le lundi \u00e0 20h, le mercredi \u00e0 14h et le vendredi \u00e0 12h) avec une r\u00e9servation obligatoire la veille.\\n- La s\u00e9lection met \u00e0 l'honneur des films r\u00e9cents soutenus par les institutions europ\u00e9ennes ainsi que des \u0153uvres patrimoniales.\"}}, {\"@type\": \"Question\", \"name\": \"Pourquoi Bruxelles et la Wallonie sont-elles le c\u0153ur du cin\u00e9ma ind\u00e9pendant ?\", \"acceptedAnswer\": {\"@type\": \"Answer\", \"text\": \"### Un ancrage historique fondamental\\nL'exp\u00e9rience cin\u00e9matographique est fr\u00e9quemment associ\u00e9e au mythe hollywoodien et \u00e0 l'h\u00e9g\u00e9monie de l'industrie nord-am\u00e9ricaine. Pourtant, la Belgique poss\u00e8de une l\u00e9gitimit\u00e9 fondatrice dans l'histoire de l'image anim\u00e9e, un h\u00e9ritage qui \u00e9claire la vitalit\u00e9 de son parc actuel de salles obscures.\"}}, {\"@type\": \"Question\", \"name\": \"Comment fonctionne le mod\u00e8le \u00e9conomique pour voir les films \u00e0 2 euros ?\", \"acceptedAnswer\": {\"@type\": \"Answer\", \"text\": \"### La m\u00e9canique de la subvention invers\u00e9e\\nProposer un billet de cin\u00e9ma \u00e0 2 euros dans un contexte \u00e9conomique inflationniste soul\u00e8ve une question l\u00e9gitime : comment les petites structures d'exploitation ind\u00e9pendantes peuvent-elles survivre \u00e0 une telle baisse de revenus ? Le mod\u00e8le \u00e9conomique de l'op\u00e9ration repose sur un syst\u00e8me de compensation financi\u00e8re garanti par les pouvoirs publics.\"}}, {\"@type\": \"Question\", \"name\": \"Quels sont les films ind\u00e9pendants \u00e0 ne pas manquer en 2025 ?\", \"acceptedAnswer\": {\"@type\": \"Answer\", \"text\": \"### Les r\u00e9v\u00e9lations internationales\\nL'attrait majeur de ce mois de septembre 2025 r\u00e9side dans la rigueur de la s\u00e9lection propos\u00e9e. Les salles programment de v\u00e9ritables \u0153uvres de r\u00e9f\u00e9rence, souvent prim\u00e9es dans les s\u00e9lections officielles de Cannes ou de la Berlinale. Parmi les t\u00eates d'affiche incontournables, *Valeur sentimentale* du r\u00e9alisateur norv\u00e9gien Joachim Trier s'impose comme une exploration poignante des dynamiques familiales. Sa pr\u00e9sence permet au public de se confronter \u00e0 un cin\u00e9ma nordique \u00e0 la fois exigeant et profond\u00e9ment humain.\"}}, {\"@type\": \"Question\", \"name\": \"Comment s\u00e9curiser vos places \u00e0 2\u20ac avec la m\u00e9thode des 3 temps ?\", \"acceptedAnswer\": {\"@type\": \"Answer\", \"text\": \"### L'anticipation comme ma\u00eetre-mot\\nFace \u00e0 l'attractivit\u00e9 exceptionnelle de l'offre, la billetterie exige une approche tactique rigoureuse. Les billets subventionn\u00e9s ne sont pas inject\u00e9s en une seule fois sur les serveurs, mais selon une logique de flux contr\u00f4l\u00e9s. Cette m\u00e9thode \u00e9vite la saturation technique et offre plusieurs chances aux spectateurs.\"}}, {\"@type\": \"Question\", \"name\": \"O\u00f9 trouver les salles partenaires pr\u00e8s de chez vous ?\", \"acceptedAnswer\": {\"@type\": \"Answer\", \"text\": \"### Un maillage g\u00e9ographique \u00e9quilibr\u00e9\\nL'un des atouts logistiques de cette 5e \u00e9dition r\u00e9side dans son ancrage territorial. Il n'est pas n\u00e9cessaire de r\u00e9sider dans l'hypercentre de la capitale pour avoir acc\u00e8s \u00e0 une programmation internationale exigeante. Selon les donn\u00e9es de la F\u00e9d\u00e9ration Wallonie-Bruxelles, les 40 salles partenaires quadrillent minutieusement l'ensemble de la r\u00e9gion francophone.\"}}, {\"@type\": \"Question\", \"name\": \"Foire Aux Questions : Comment profiter du cin\u00e9ma ind\u00e9pendant en pratique ?\", \"acceptedAnswer\": {\"@type\": \"Answer\", \"text\": \"### Quels sont les films pr\u00e9cis\u00e9ment \u00e9ligibles au tarif de 2 \u20ac ?\\nL'offre ne s'applique pas aux superproductions commerciales. Le tarif r\u00e9duit est exclusivement valable pour les longs-m\u00e9trages soutenus par le Centre du Cin\u00e9ma et de l\u2019Audiovisuel, les films d'auteur int\u00e9gr\u00e9s au programme Europe Cr\u00e9ative (label Art & Essai), ainsi que pour les \u0153uvres cin\u00e9matographiques de patrimoine \u00e2g\u00e9es de plus de 15 ans.\"}}, {\"@type\": \"Question\", \"name\": \"Conclusion : Cette initiative repr\u00e9sente-t-elle une nouvelle voie contre le streaming ?\", \"acceptedAnswer\": {\"@type\": \"Answer\", \"text\": \"L'ampleur de l'op\u00e9ration d\u00e9ploy\u00e9e en septembre 2025 pose une interrogation fondamentale quant \u00e0 l'avenir de la distribution des films d'auteur. Alors que les algorithmes de recommandation des plateformes num\u00e9riques tendent \u00e0 isoler le spectateur dans des choix pr\u00e9visibles, le mod\u00e8le hybride belge d\u00e9montre la force de l'intervention publique.\"}}]}]<\/script><\/p>\n","protected":false},"excerpt":{"rendered":"<p>D\u00e9couvrez les incontournables du cin\u00e9ma ind\u00e9pendant cette ann\u00e9e : une s\u00e9lection de films audacieux et innovants \u00e0 ne pas manquer pour les cin\u00e9philes.<\/p>\n","protected":false},"author":2,"featured_media":298,"comment_status":"open","ping_status":"open","sticky":false,"template":"","format":"standard","meta":{"inline_featured_image":false,"footnotes":""},"categories":[12],"tags":[],"class_list":["post-289","post","type-post","status-publish","format-standard","has-post-thumbnail","hentry","category-culture-et-loisir"],"yoast_head":"<!-- This site is optimized with the Yoast SEO plugin v24.6 - https:\/\/yoast.com\/wordpress\/plugins\/seo\/ -->\n<title>Cin\u00e9ma Ind\u00e9pendant : Les Films \u00e0 Ne Pas Manquer Cette Ann\u00e9e - EverydayLiving - Embrace the Extraordinary<\/title>\n<meta name=\"robots\" content=\"index, follow, max-snippet:-1, max-image-preview:large, max-video-preview:-1\" \/>\n<link rel=\"canonical\" href=\"https:\/\/everydayliving.be\/en\/cinema-independant-les-films-a-ne-pas-manquer-cette-annee\/\" \/>\n<meta property=\"og:locale\" content=\"en_US\" \/>\n<meta property=\"og:type\" content=\"article\" \/>\n<meta property=\"og:title\" content=\"Cin\u00e9ma Ind\u00e9pendant : Les Films \u00e0 Ne Pas Manquer Cette Ann\u00e9e - EverydayLiving - Embrace the Extraordinary\" \/>\n<meta property=\"og:description\" content=\"D\u00e9couvrez les incontournables du cin\u00e9ma ind\u00e9pendant cette ann\u00e9e : une s\u00e9lection de films audacieux et innovants \u00e0 ne pas manquer pour les cin\u00e9philes.\" \/>\n<meta property=\"og:url\" content=\"https:\/\/everydayliving.be\/en\/cinema-independant-les-films-a-ne-pas-manquer-cette-annee\/\" \/>\n<meta property=\"og:site_name\" content=\"EverydayLiving - Embrace the Extraordinary\" \/>\n<meta property=\"article:published_time\" content=\"2024-11-12T13:25:25+00:00\" \/>\n<meta property=\"article:modified_time\" content=\"2026-07-20T16:26:54+00:00\" \/>\n<meta property=\"og:image\" content=\"https:\/\/everydayliving.be\/wp-content\/uploads\/2024\/11\/fabianct__Cinema_Independant__Les_Films_a_Ne_Pas_Manquer_Cette__ab734a81-f7d4-420d-a174-4e7a5699d53d-e1740044212171.png\" \/>\n\t<meta property=\"og:image:width\" content=\"1024\" \/>\n\t<meta property=\"og:image:height\" content=\"683\" \/>\n\t<meta property=\"og:image:type\" content=\"image\/png\" \/>\n<meta name=\"author\" content=\"info@kwizera.bi\" \/>\n<meta name=\"twitter:card\" content=\"summary_large_image\" \/>\n<meta name=\"twitter:label1\" content=\"Written by\" \/>\n\t<meta name=\"twitter:data1\" content=\"info@kwizera.bi\" \/>\n\t<meta name=\"twitter:label2\" content=\"Est. reading time\" \/>\n\t<meta name=\"twitter:data2\" content=\"8 minutes\" \/>\n<script type=\"application\/ld+json\" class=\"yoast-schema-graph\">{\"@context\":\"https:\/\/schema.org\",\"@graph\":[{\"@type\":\"Article\",\"@id\":\"https:\/\/everydayliving.be\/en\/cinema-independant-les-films-a-ne-pas-manquer-cette-annee\/#article\",\"isPartOf\":{\"@id\":\"https:\/\/everydayliving.be\/en\/cinema-independant-les-films-a-ne-pas-manquer-cette-annee\/\"},\"author\":{\"name\":\"info@kwizera.bi\",\"@id\":\"https:\/\/everydayliving.be\/en\/#\/schema\/person\/4971304cf7ea2deed717b970613b2507\"},\"headline\":\"Cin\u00e9ma Ind\u00e9pendant : Les Films \u00e0 Ne Pas Manquer Cette Ann\u00e9e\",\"datePublished\":\"2024-11-12T13:25:25+00:00\",\"dateModified\":\"2026-07-20T16:26:54+00:00\",\"mainEntityOfPage\":{\"@id\":\"https:\/\/everydayliving.be\/en\/cinema-independant-les-films-a-ne-pas-manquer-cette-annee\/\"},\"wordCount\":2331,\"commentCount\":0,\"publisher\":{\"@id\":\"https:\/\/everydayliving.be\/en\/#organization\"},\"image\":{\"@id\":\"https:\/\/everydayliving.be\/en\/cinema-independant-les-films-a-ne-pas-manquer-cette-annee\/#primaryimage\"},\"thumbnailUrl\":\"https:\/\/everydayliving.be\/wp-content\/uploads\/2024\/11\/fabianct__Cinema_Independant__Les_Films_a_Ne_Pas_Manquer_Cette__ab734a81-f7d4-420d-a174-4e7a5699d53d-e1740044212171.png\",\"articleSection\":[\"Culture et loisir\"],\"inLanguage\":\"en-US\",\"potentialAction\":[{\"@type\":\"CommentAction\",\"name\":\"Comment\",\"target\":[\"https:\/\/everydayliving.be\/en\/cinema-independant-les-films-a-ne-pas-manquer-cette-annee\/#respond\"]}]},{\"@type\":\"WebPage\",\"@id\":\"https:\/\/everydayliving.be\/en\/cinema-independant-les-films-a-ne-pas-manquer-cette-annee\/\",\"url\":\"https:\/\/everydayliving.be\/en\/cinema-independant-les-films-a-ne-pas-manquer-cette-annee\/\",\"name\":\"Cin\u00e9ma Ind\u00e9pendant : Les Films \u00e0 Ne Pas Manquer Cette Ann\u00e9e - EverydayLiving - Embrace the Extraordinary\",\"isPartOf\":{\"@id\":\"https:\/\/everydayliving.be\/en\/#website\"},\"primaryImageOfPage\":{\"@id\":\"https:\/\/everydayliving.be\/en\/cinema-independant-les-films-a-ne-pas-manquer-cette-annee\/#primaryimage\"},\"image\":{\"@id\":\"https:\/\/everydayliving.be\/en\/cinema-independant-les-films-a-ne-pas-manquer-cette-annee\/#primaryimage\"},\"thumbnailUrl\":\"https:\/\/everydayliving.be\/wp-content\/uploads\/2024\/11\/fabianct__Cinema_Independant__Les_Films_a_Ne_Pas_Manquer_Cette__ab734a81-f7d4-420d-a174-4e7a5699d53d-e1740044212171.png\",\"datePublished\":\"2024-11-12T13:25:25+00:00\",\"dateModified\":\"2026-07-20T16:26:54+00:00\",\"breadcrumb\":{\"@id\":\"https:\/\/everydayliving.be\/en\/cinema-independant-les-films-a-ne-pas-manquer-cette-annee\/#breadcrumb\"},\"inLanguage\":\"en-US\",\"potentialAction\":[{\"@type\":\"ReadAction\",\"target\":[\"https:\/\/everydayliving.be\/en\/cinema-independant-les-films-a-ne-pas-manquer-cette-annee\/\"]}]},{\"@type\":\"ImageObject\",\"inLanguage\":\"en-US\",\"@id\":\"https:\/\/everydayliving.be\/en\/cinema-independant-les-films-a-ne-pas-manquer-cette-annee\/#primaryimage\",\"url\":\"https:\/\/everydayliving.be\/wp-content\/uploads\/2024\/11\/fabianct__Cinema_Independant__Les_Films_a_Ne_Pas_Manquer_Cette__ab734a81-f7d4-420d-a174-4e7a5699d53d-e1740044212171.png\",\"contentUrl\":\"https:\/\/everydayliving.be\/wp-content\/uploads\/2024\/11\/fabianct__Cinema_Independant__Les_Films_a_Ne_Pas_Manquer_Cette__ab734a81-f7d4-420d-a174-4e7a5699d53d-e1740044212171.png\",\"width\":1024,\"height\":683},{\"@type\":\"BreadcrumbList\",\"@id\":\"https:\/\/everydayliving.be\/en\/cinema-independant-les-films-a-ne-pas-manquer-cette-annee\/#breadcrumb\",\"itemListElement\":[{\"@type\":\"ListItem\",\"position\":1,\"name\":\"Home\",\"item\":\"https:\/\/everydayliving.be\/en\/\"},{\"@type\":\"ListItem\",\"position\":2,\"name\":\"Cin\u00e9ma Ind\u00e9pendant : Les Films \u00e0 Ne Pas Manquer Cette Ann\u00e9e\"}]},{\"@type\":\"WebSite\",\"@id\":\"https:\/\/everydayliving.be\/en\/#website\",\"url\":\"https:\/\/everydayliving.be\/en\/\",\"name\":\"EverydayLiving - Embrace the Extraordinary\",\"description\":\"\",\"publisher\":{\"@id\":\"https:\/\/everydayliving.be\/en\/#organization\"},\"potentialAction\":[{\"@type\":\"SearchAction\",\"target\":{\"@type\":\"EntryPoint\",\"urlTemplate\":\"https:\/\/everydayliving.be\/en\/?s={search_term_string}\"},\"query-input\":{\"@type\":\"PropertyValueSpecification\",\"valueRequired\":true,\"valueName\":\"search_term_string\"}}],\"inLanguage\":\"en-US\"},{\"@type\":\"Organization\",\"@id\":\"https:\/\/everydayliving.be\/en\/#organization\",\"name\":\"EverydayLiving - Embrace the Extraordinary\",\"url\":\"https:\/\/everydayliving.be\/en\/\",\"logo\":{\"@type\":\"ImageObject\",\"inLanguage\":\"en-US\",\"@id\":\"https:\/\/everydayliving.be\/en\/#\/schema\/logo\/image\/\",\"url\":\"https:\/\/everydayliving.be\/wp-content\/uploads\/2024\/11\/Rima-Reyes-1-1-removebg-preview.png\",\"contentUrl\":\"https:\/\/everydayliving.be\/wp-content\/uploads\/2024\/11\/Rima-Reyes-1-1-removebg-preview.png\",\"width\":500,\"height\":500,\"caption\":\"EverydayLiving - Embrace the Extraordinary\"},\"image\":{\"@id\":\"https:\/\/everydayliving.be\/en\/#\/schema\/logo\/image\/\"}},{\"@type\":\"Person\",\"@id\":\"https:\/\/everydayliving.be\/en\/#\/schema\/person\/4971304cf7ea2deed717b970613b2507\",\"name\":\"info@kwizera.bi\",\"image\":{\"@type\":\"ImageObject\",\"inLanguage\":\"en-US\",\"@id\":\"https:\/\/everydayliving.be\/en\/#\/schema\/person\/image\/\",\"url\":\"https:\/\/secure.gravatar.com\/avatar\/4b255983682351b7e77d4eac407a99eba8ae0c62610677afbc95111e673d4af9?s=96&d=mm&r=g\",\"contentUrl\":\"https:\/\/secure.gravatar.com\/avatar\/4b255983682351b7e77d4eac407a99eba8ae0c62610677afbc95111e673d4af9?s=96&d=mm&r=g\",\"caption\":\"info@kwizera.bi\"},\"url\":\"https:\/\/everydayliving.be\/en\/author\/infokwizera-bi\/\"}]}<\/script>\n<!-- \/ Yoast SEO plugin. -->","yoast_head_json":{"title":"Cin\u00e9ma Ind\u00e9pendant : Les Films \u00e0 Ne Pas Manquer Cette Ann\u00e9e - EverydayLiving - Embrace the Extraordinary","robots":{"index":"index","follow":"follow","max-snippet":"max-snippet:-1","max-image-preview":"max-image-preview:large","max-video-preview":"max-video-preview:-1"},"canonical":"https:\/\/everydayliving.be\/en\/cinema-independant-les-films-a-ne-pas-manquer-cette-annee\/","og_locale":"en_US","og_type":"article","og_title":"Cin\u00e9ma Ind\u00e9pendant : Les Films \u00e0 Ne Pas Manquer Cette Ann\u00e9e - EverydayLiving - Embrace the Extraordinary","og_description":"D\u00e9couvrez les incontournables du cin\u00e9ma ind\u00e9pendant cette ann\u00e9e : une s\u00e9lection de films audacieux et innovants \u00e0 ne pas manquer pour les cin\u00e9philes.","og_url":"https:\/\/everydayliving.be\/en\/cinema-independant-les-films-a-ne-pas-manquer-cette-annee\/","og_site_name":"EverydayLiving - Embrace the Extraordinary","article_published_time":"2024-11-12T13:25:25+00:00","article_modified_time":"2026-07-20T16:26:54+00:00","og_image":[{"width":1024,"height":683,"url":"https:\/\/everydayliving.be\/wp-content\/uploads\/2024\/11\/fabianct__Cinema_Independant__Les_Films_a_Ne_Pas_Manquer_Cette__ab734a81-f7d4-420d-a174-4e7a5699d53d-e1740044212171.png","type":"image\/png"}],"author":"info@kwizera.bi","twitter_card":"summary_large_image","twitter_misc":{"Written by":"info@kwizera.bi","Est. reading time":"8 minutes"},"schema":{"@context":"https:\/\/schema.org","@graph":[{"@type":"Article","@id":"https:\/\/everydayliving.be\/en\/cinema-independant-les-films-a-ne-pas-manquer-cette-annee\/#article","isPartOf":{"@id":"https:\/\/everydayliving.be\/en\/cinema-independant-les-films-a-ne-pas-manquer-cette-annee\/"},"author":{"name":"info@kwizera.bi","@id":"https:\/\/everydayliving.be\/en\/#\/schema\/person\/4971304cf7ea2deed717b970613b2507"},"headline":"Cin\u00e9ma Ind\u00e9pendant : Les Films \u00e0 Ne Pas Manquer Cette Ann\u00e9e","datePublished":"2024-11-12T13:25:25+00:00","dateModified":"2026-07-20T16:26:54+00:00","mainEntityOfPage":{"@id":"https:\/\/everydayliving.be\/en\/cinema-independant-les-films-a-ne-pas-manquer-cette-annee\/"},"wordCount":2331,"commentCount":0,"publisher":{"@id":"https:\/\/everydayliving.be\/en\/#organization"},"image":{"@id":"https:\/\/everydayliving.be\/en\/cinema-independant-les-films-a-ne-pas-manquer-cette-annee\/#primaryimage"},"thumbnailUrl":"https:\/\/everydayliving.be\/wp-content\/uploads\/2024\/11\/fabianct__Cinema_Independant__Les_Films_a_Ne_Pas_Manquer_Cette__ab734a81-f7d4-420d-a174-4e7a5699d53d-e1740044212171.png","articleSection":["Culture et loisir"],"inLanguage":"en-US","potentialAction":[{"@type":"CommentAction","name":"Comment","target":["https:\/\/everydayliving.be\/en\/cinema-independant-les-films-a-ne-pas-manquer-cette-annee\/#respond"]}]},{"@type":"WebPage","@id":"https:\/\/everydayliving.be\/en\/cinema-independant-les-films-a-ne-pas-manquer-cette-annee\/","url":"https:\/\/everydayliving.be\/en\/cinema-independant-les-films-a-ne-pas-manquer-cette-annee\/","name":"Cin\u00e9ma Ind\u00e9pendant : Les Films \u00e0 Ne Pas Manquer Cette Ann\u00e9e - EverydayLiving - Embrace the Extraordinary","isPartOf":{"@id":"https:\/\/everydayliving.be\/en\/#website"},"primaryImageOfPage":{"@id":"https:\/\/everydayliving.be\/en\/cinema-independant-les-films-a-ne-pas-manquer-cette-annee\/#primaryimage"},"image":{"@id":"https:\/\/everydayliving.be\/en\/cinema-independant-les-films-a-ne-pas-manquer-cette-annee\/#primaryimage"},"thumbnailUrl":"https:\/\/everydayliving.be\/wp-content\/uploads\/2024\/11\/fabianct__Cinema_Independant__Les_Films_a_Ne_Pas_Manquer_Cette__ab734a81-f7d4-420d-a174-4e7a5699d53d-e1740044212171.png","datePublished":"2024-11-12T13:25:25+00:00","dateModified":"2026-07-20T16:26:54+00:00","breadcrumb":{"@id":"https:\/\/everydayliving.be\/en\/cinema-independant-les-films-a-ne-pas-manquer-cette-annee\/#breadcrumb"},"inLanguage":"en-US","potentialAction":[{"@type":"ReadAction","target":["https:\/\/everydayliving.be\/en\/cinema-independant-les-films-a-ne-pas-manquer-cette-annee\/"]}]},{"@type":"ImageObject","inLanguage":"en-US","@id":"https:\/\/everydayliving.be\/en\/cinema-independant-les-films-a-ne-pas-manquer-cette-annee\/#primaryimage","url":"https:\/\/everydayliving.be\/wp-content\/uploads\/2024\/11\/fabianct__Cinema_Independant__Les_Films_a_Ne_Pas_Manquer_Cette__ab734a81-f7d4-420d-a174-4e7a5699d53d-e1740044212171.png","contentUrl":"https:\/\/everydayliving.be\/wp-content\/uploads\/2024\/11\/fabianct__Cinema_Independant__Les_Films_a_Ne_Pas_Manquer_Cette__ab734a81-f7d4-420d-a174-4e7a5699d53d-e1740044212171.png","width":1024,"height":683},{"@type":"BreadcrumbList","@id":"https:\/\/everydayliving.be\/en\/cinema-independant-les-films-a-ne-pas-manquer-cette-annee\/#breadcrumb","itemListElement":[{"@type":"ListItem","position":1,"name":"Home","item":"https:\/\/everydayliving.be\/en\/"},{"@type":"ListItem","position":2,"name":"Cin\u00e9ma Ind\u00e9pendant : Les Films \u00e0 Ne Pas Manquer Cette Ann\u00e9e"}]},{"@type":"WebSite","@id":"https:\/\/everydayliving.be\/en\/#website","url":"https:\/\/everydayliving.be\/en\/","name":"EverydayLiving - Embrace the Extraordinary","description":"","publisher":{"@id":"https:\/\/everydayliving.be\/en\/#organization"},"potentialAction":[{"@type":"SearchAction","target":{"@type":"EntryPoint","urlTemplate":"https:\/\/everydayliving.be\/en\/?s={search_term_string}"},"query-input":{"@type":"PropertyValueSpecification","valueRequired":true,"valueName":"search_term_string"}}],"inLanguage":"en-US"},{"@type":"Organization","@id":"https:\/\/everydayliving.be\/en\/#organization","name":"EverydayLiving - Embrace the Extraordinary","url":"https:\/\/everydayliving.be\/en\/","logo":{"@type":"ImageObject","inLanguage":"en-US","@id":"https:\/\/everydayliving.be\/en\/#\/schema\/logo\/image\/","url":"https:\/\/everydayliving.be\/wp-content\/uploads\/2024\/11\/Rima-Reyes-1-1-removebg-preview.png","contentUrl":"https:\/\/everydayliving.be\/wp-content\/uploads\/2024\/11\/Rima-Reyes-1-1-removebg-preview.png","width":500,"height":500,"caption":"EverydayLiving - Embrace the Extraordinary"},"image":{"@id":"https:\/\/everydayliving.be\/en\/#\/schema\/logo\/image\/"}},{"@type":"Person","@id":"https:\/\/everydayliving.be\/en\/#\/schema\/person\/4971304cf7ea2deed717b970613b2507","name":"info@kwizera.bi","image":{"@type":"ImageObject","inLanguage":"en-US","@id":"https:\/\/everydayliving.be\/en\/#\/schema\/person\/image\/","url":"https:\/\/secure.gravatar.com\/avatar\/4b255983682351b7e77d4eac407a99eba8ae0c62610677afbc95111e673d4af9?s=96&d=mm&r=g","contentUrl":"https:\/\/secure.gravatar.com\/avatar\/4b255983682351b7e77d4eac407a99eba8ae0c62610677afbc95111e673d4af9?s=96&d=mm&r=g","caption":"info@kwizera.bi"},"url":"https:\/\/everydayliving.be\/en\/author\/infokwizera-bi\/"}]}},"_links":{"self":[{"href":"https:\/\/everydayliving.be\/en\/wp-json\/wp\/v2\/posts\/289","targetHints":{"allow":["GET"]}}],"collection":[{"href":"https:\/\/everydayliving.be\/en\/wp-json\/wp\/v2\/posts"}],"about":[{"href":"https:\/\/everydayliving.be\/en\/wp-json\/wp\/v2\/types\/post"}],"author":[{"embeddable":true,"href":"https:\/\/everydayliving.be\/en\/wp-json\/wp\/v2\/users\/2"}],"replies":[{"embeddable":true,"href":"https:\/\/everydayliving.be\/en\/wp-json\/wp\/v2\/comments?post=289"}],"version-history":[{"count":0,"href":"https:\/\/everydayliving.be\/en\/wp-json\/wp\/v2\/posts\/289\/revisions"}],"wp:featuredmedia":[{"embeddable":true,"href":"https:\/\/everydayliving.be\/en\/wp-json\/wp\/v2\/media\/298"}],"wp:attachment":[{"href":"https:\/\/everydayliving.be\/en\/wp-json\/wp\/v2\/media?parent=289"}],"wp:term":[{"taxonomy":"category","embeddable":true,"href":"https:\/\/everydayliving.be\/en\/wp-json\/wp\/v2\/categories?post=289"},{"taxonomy":"post_tag","embeddable":true,"href":"https:\/\/everydayliving.be\/en\/wp-json\/wp\/v2\/tags?post=289"}],"curies":[{"name":"wp","href":"https:\/\/api.w.org\/{rel}","templated":true}]}}