{"id":183,"date":"2024-11-12T10:58:08","date_gmt":"2024-11-12T10:58:08","guid":{"rendered":"https:\/\/everydayliving.be\/?p=183"},"modified":"2026-06-16T08:16:30","modified_gmt":"2026-06-16T08:16:30","slug":"maintenir-lequilibre-entre-vie-professionnelle-et-vie-familiale","status":"publish","type":"post","link":"https:\/\/everydayliving.be\/en\/maintenir-lequilibre-entre-vie-professionnelle-et-vie-familiale\/","title":{"rendered":"Maintenir l\u2019\u00c9quilibre entre Vie Professionnelle et Vie Familiale"},"content":{"rendered":"<p>Trouver un \u00e9quilibre entre vie professionnelle et vie familiale peut parfois ressembler \u00e0 jongler avec des balles en feu. Pendant des ann\u00e9es, la solution propos\u00e9e reposait presque exclusivement sur l&#8217;individu : il suffisait de mieux tenir son agenda, de d\u00e9finir ses priorit\u00e9s avec rigueur ou de s&#8217;accorder quelques minutes de m\u00e9ditation pour \u00e9viter l&#8217;\u00e9puisement.<\/p>\n<p>L&#8217;av\u00e8nement massif du travail \u00e0 distance a boulevers\u00e9 cette dynamique. Initialement per\u00e7u comme la solution miracle pour concilier les imp\u00e9ratifs professionnels et les besoins personnels, le t\u00e9l\u00e9travail s&#8217;est rapidement transform\u00e9 en un acc\u00e9l\u00e9rateur de paradoxes. L&#8217;absence de s\u00e9paration physique entre le bureau et le domicile a fait voler en \u00e9clats les fronti\u00e8res traditionnelles.<\/p>\n<p>Aujourd&#8217;hui, la simple gestion du temps ne suffit plus. L&#8217;urgence n&#8217;est plus \u00e0 la planification individuelle, mais \u00e0 l&#8217;instauration d&#8217;un v\u00e9ritable cadre structurel. La conciliation de ces deux mondes n\u00e9cessite d\u00e9sormais une approche syst\u00e9mique. Il s&#8217;agit de repenser la responsabilit\u00e9 des entreprises, d&#8217;appliquer un encadrement l\u00e9gal strict et d&#8217;adopter des politiques manag\u00e9riales adapt\u00e9es pour prot\u00e9ger la sant\u00e9 mentale des employ\u00e9s et pr\u00e9venir l&#8217;hyperconnexion.<\/p>\n<h2>Quels sont les points cl\u00e9s \u00e0 retenir ?<\/h2>\n<p>Pour appr\u00e9hender les nouveaux d\u00e9fis de l&#8217;\u00e9quilibre de vie en Belgique, voici les \u00e9l\u00e9ments fondamentaux \u00e0 retenir :<\/p>\n<ul>\n<li><strong>B\u00e9n\u00e9fice per\u00e7u vs r\u00e9alit\u00e9<\/strong> : 75% des t\u00e9l\u00e9travailleurs estiment mieux organiser leur vie priv\u00e9e gr\u00e2ce au t\u00e9l\u00e9travail. Toutefois, pour 38,7% d&#8217;entre eux, la s\u00e9paration entre vie priv\u00e9e et vie professionnelle n&#8217;est pas \u00e9vidente.<\/li>\n<li><strong>Cadre l\u00e9gal belge<\/strong> : En Belgique, le droit \u00e0 la d\u00e9connexion fait l&#8217;objet d&#8217;une concertation sociale au sein des entreprises, r\u00e9gie par la loi du 26 mars 2018 (article 16).<\/li>\n<li><strong>Impact sur la sant\u00e9<\/strong> : L&#8217;effacement des fronti\u00e8res favorise l&#8217;apparition de troubles psychosociaux (stress chronique) et de troubles musculosquelettiques (TMS).<\/li>\n<li><strong>Enjeu d&#8217;\u00e9galit\u00e9<\/strong> : Sans r\u00e9gulation, le travail \u00e0 domicile risque de p\u00e9naliser la carri\u00e8re des femmes en renfor\u00e7ant la charge des responsabilit\u00e9s familiales.<\/li>\n<li><strong>R\u00f4le de l&#8217;employeur<\/strong> : L&#8217;\u00e9quilibre n&#8217;est plus qu&#8217;une affaire personnelle ; il requiert des politiques manag\u00e9riales claires, bas\u00e9es sur des objectifs plut\u00f4t que sur la disponibilit\u00e9 continue.<\/li>\n<\/ul>\n<h2>Pourquoi la flexibilit\u00e9 du t\u00e9l\u00e9travail est-elle devenue un pi\u00e8ge ?<\/h2>\n<p>Le passage au travail hybride a g\u00e9n\u00e9r\u00e9 une dissonance cognitive majeure au sein des effectifs. D&#8217;un c\u00f4t\u00e9, les chiffres de l&#8217;Organisation Internationale du Travail (OIT) et les donn\u00e9es belges t\u00e9moignent d&#8217;un enthousiasme ind\u00e9niable : 3 t\u00e9l\u00e9travailleurs sur 4 (75%) affirment qu&#8217;ils peuvent mieux organiser leur vie priv\u00e9e gr\u00e2ce au t\u00e9l\u00e9travail. Cette statistique illustre l&#8217;attrait initial pour une technologie capable d&#8217;\u00e9liminer les temps de trajet et d&#8217;offrir une souverainet\u00e9 sur son emploi du temps.<\/p>\n<p>Cependant, cette m\u00eame flexibilit\u00e9 cache une r\u00e9alit\u00e9 beaucoup plus complexe. Pour un peu plus d&#8217;un tiers (38,7%) des t\u00e9l\u00e9travailleurs, la s\u00e9paration entre vie priv\u00e9e et vie professionnelle n&#8217;a rien d&#8217;une \u00e9vidence. Ce contraste saisissant d\u00e9montre que la libert\u00e9 g\u00e9ographique ne se traduit pas automatiquement par une libert\u00e9 psychologique. La flexibilit\u00e9 individuelle ne suffit plus sans un cadre syst\u00e9mique.<\/p>\n<h3>Le contr\u00f4le individuel de son agenda est-il une illusion ?<\/h3>\n<p>Lorsque l&#8217;outil de production (l&#8217;ordinateur portable ou le smartphone) s&#8217;invite sur la table du salon, la limite entre le temps de travail et le temps de repos devient poreuse. Les employ\u00e9s pensent souvent ma\u00eetriser leur agenda parce qu&#8217;ils peuvent lancer une machine \u00e0 laver entre deux r\u00e9unions.<\/p>\n<p>En r\u00e9alit\u00e9, ce brouillage des fronti\u00e8res cr\u00e9e une charge mentale continue. Le sentiment de devoir &#8220;prouver&#8221; que l&#8217;on travaille depuis chez soi pousse de nombreux professionnels \u00e0 rester disponibles au-del\u00e0 des heures contractuelles.<\/p>\n<h3>Comment la flexibilit\u00e9 se transforme-t-elle en disponibilit\u00e9 permanente ?<\/h3>\n<p>Le pi\u00e8ge se referme lorsque la flexibilit\u00e9 se transforme en une attente de r\u00e9activit\u00e9 imm\u00e9diate. La technologie, qui devait initialement lib\u00e9rer le travailleur, l&#8217;asservit s&#8217;il n&#8217;y a pas de discipline collective. Le domicile, autrefois sanctuaire de repos, devient une extension permanente de l&#8217;espace num\u00e9rique de l&#8217;entreprise. G\u00e9rer ce paradoxe implique de comprendre que la solution ne viendra pas d&#8217;une meilleure volont\u00e9 personnelle, mais d&#8217;une red\u00e9finition des r\u00e8gles du jeu collectif.<\/p>\n<h2>Quels sont les impacts de l&#8217;hyperconnexion sur la sant\u00e9 physique et mentale ?<\/h2>\n<p>L&#8217;absence de limites claires entre les sph\u00e8res professionnelles et personnelles d\u00e9passe largement le cadre du simple inconfort. L&#8217;hyperconnexion engendre des cons\u00e9quences m\u00e9dicales, psychologiques et physiques de plus en plus document\u00e9es, qui transforment le bien-\u00eatre au travail en un enjeu de sant\u00e9 publique.<\/p>\n<h3>Pourquoi les risques psychosociaux sont-ils en hausse ?<\/h3>\n<p>La flexibilit\u00e9 du t\u00e9l\u00e9travail peut cr\u00e9er une ing\u00e9rence de la vie professionnelle dans la vie priv\u00e9e, entra\u00eenant des probl\u00e8mes psychosociaux (stress, manque de coupure). Lorsque le bureau est \u00e0 quelques m\u00e8tres de la chambre \u00e0 coucher, le cerveau peine \u00e0 d\u00e9sactiver le mode &#8220;travail&#8221;.<\/p>\n<p>L&#8217;OIT souligne l&#8217;incapacit\u00e9 de cesser le travail pour se d\u00e9tendre, surtout pour les travailleurs avec des responsabilit\u00e9s familiales. Ce ph\u00e9nom\u00e8ne de vigilance constante maintient le syst\u00e8me nerveux dans un \u00e9tat d&#8217;alerte, favorisant l&#8217;\u00e9puisement professionnel et l&#8217;insomnie.<\/p>\n<h3>Comment le travail sur canap\u00e9 favorise-t-il les TMS ?<\/h3>\n<p>Au-del\u00e0 de la sant\u00e9 mentale, le corps paie \u00e9galement le prix fort de cette absence de structuration. Le t\u00e9l\u00e9travail entra\u00eene fr\u00e9quemment des probl\u00e8mes physiques, et plus sp\u00e9cifiquement des troubles musculosquelettiques (TMS).<\/p>\n<ul>\n<li><strong>Postures inadapt\u00e9es<\/strong> : Le travail prolong\u00e9 sur une table basse, un canap\u00e9 ou un coin de table de cuisine sollicite la colonne vert\u00e9brale et les cervicales de mani\u00e8re anormale.<\/li>\n<li><strong>S\u00e9dentarit\u00e9 accrue<\/strong> : L&#8217;\u00e9limination des d\u00e9placements (vers le bureau, entre les salles de r\u00e9union) r\u00e9duit drastiquement l&#8217;activit\u00e9 physique quotidienne.<\/li>\n<li><strong>Tension musculaire li\u00e9e au stress<\/strong> : L&#8217;incapacit\u00e9 \u00e0 d\u00e9connecter maintient une crispation musculaire continue au niveau des \u00e9paules et du dos.<\/li>\n<\/ul>\n<p>Pr\u00e9server la sant\u00e9 des collaborateurs n\u00e9cessite donc de restaurer des sas de d\u00e9compression v\u00e9ritables, impossibles \u00e0 maintenir sans une prise de conscience des directions d&#8217;entreprise.<\/p>\n<h2>Le Cadre L\u00e9gal en Belgique : Que dit la Loi sur le Droit \u00e0 la D\u00e9connexion ?<\/h2>\n<p>Face aux d\u00e9rives de l&#8217;hyperconnexion, le l\u00e9gislateur belge a d\u00fb intervenir pour d\u00e9passer les simples recommandations de bien-\u00eatre. Le droit \u00e0 la d\u00e9connexion n&#8217;est plus une simple courtoisie manag\u00e9riale, mais une composante reconnue du droit du travail, structur\u00e9e par des textes fondateurs.<\/p>\n<h3>Quelles sont les fondations l\u00e9gales de l&#8217;Europe \u00e0 la CCT 85 ?<\/h3>\n<p>La r\u00e9glementation belge s&#8217;inscrit dans un contexte juridique plus large. L&#8217;accord cadre europ\u00e9en de 2002 sur le t\u00e9l\u00e9travail est \u00e0 la base de la CCT 85 en Belgique. Cette convention collective de travail (CCT 85) a pos\u00e9 les premiers jalons pour encadrer structurellement le t\u00e9l\u00e9travail, en veillant \u00e0 ce que le travailleur \u00e0 distance b\u00e9n\u00e9ficie des m\u00eames droits que celui pr\u00e9sent dans les locaux de l&#8217;employeur.<\/p>\n<h3>Que stipule la loi du 26 mars 2018 sur la concertation ?<\/h3>\n<p>Pour r\u00e9pondre plus sp\u00e9cifiquement \u00e0 la num\u00e9risation croissante, la l\u00e9gislation a \u00e9volu\u00e9. En Belgique, le droit \u00e0 la d\u00e9connexion fait l&#8217;objet d&#8217;une concertation sociale au sein des entreprises, r\u00e9gie par la loi du 26 mars 2018 (article 16).<\/p>\n<p>Cette loi concernant la relance \u00e9conomique a introduit des dispositions relatives \u00e0 l&#8217;\u00e9quilibre vie professionnelle\/vie priv\u00e9e. Que stipule-t-elle concr\u00e8tement ?<\/p>\n<ul>\n<li>Comit\u00e9 pour la Pr\u00e9vention et la Protection au Travail (CPPT) : Les employeurs doivent organiser des concertations r\u00e9guli\u00e8res avec le CPPT concernant la d\u00e9connexion et l&#8217;utilisation des outils num\u00e9riques.<\/li>\n<li><strong>Objectif de pr\u00e9vention<\/strong> : La l\u00e9gislation vise principalement \u00e0 pr\u00e9venir les risques psychosociaux li\u00e9s \u00e0 l&#8217;utilisation du num\u00e9rique.<\/li>\n<li><strong>Absence de coupure g\u00e9n\u00e9ralis\u00e9e<\/strong> : La loi belge n&#8217;impose pas de &#8220;couper les serveurs&#8221; \u00e0 18h de fa\u00e7on unilat\u00e9rale. Elle privil\u00e9gie une approche pragmatique adapt\u00e9e \u00e0 chaque secteur d&#8217;activit\u00e9.<\/li>\n<\/ul>\n<p>Ce cadre l\u00e9gal offre une base solide aux travailleurs et aux syndicats pour exiger des politiques internes transparentes et protectrices.<\/p>\n<h2>Le t\u00e9l\u00e9travail menace-t-il l&#8217;\u00e9galit\u00e9 des genres ?<\/h2>\n<p>La conciliation entre vie professionnelle et vie personnelle cache une dimension soci\u00e9tale fr\u00e9quemment ignor\u00e9e : son impact direct sur l&#8217;\u00e9galit\u00e9 hommes-femmes. Si le travail \u00e0 domicile supprime les temps de trajet, il a aussi tendance \u00e0 rapatrier la charge mentale des t\u00e2ches domestiques au c\u0153ur m\u00eame de la journ\u00e9e de travail.<\/p>\n<h3>Le t\u00e9l\u00e9travail amplifie-t-il la double journ\u00e9e des femmes ?<\/h3>\n<p>Historiquement, la s\u00e9paration physique entre le lieu de travail et le domicile permettait de segmenter les r\u00f4les. Avec le t\u00e9l\u00e9travail hybride ou total, cette barri\u00e8re s&#8217;effondre. Les interruptions pour s&#8217;occuper des enfants, lancer une lessive ou pr\u00e9parer les repas retombent de mani\u00e8re disproportionn\u00e9e sur les femmes.<\/p>\n<p>Ce brouillage des fronti\u00e8res peut insidieusement transformer le t\u00e9l\u00e9travail en une r\u00e9gression silencieuse, o\u00f9 le temps gagn\u00e9 sur les transports est imm\u00e9diatement r\u00e9investi dans le travail domestique non r\u00e9mun\u00e9r\u00e9.<\/p>\n<h3>Comment les employeurs doivent-ils intervenir ?<\/h3>\n<p>La flexibilit\u00e9 ne doit pas se faire au d\u00e9triment de l&#8217;\u00e9volution professionnelle d&#8217;une partie des effectifs. Les employeurs doivent promouvoir le partage \u00e9quitable des t\u00e2ches pour \u00e9viter une r\u00e9gression en mati\u00e8re d&#8217;\u00e9galit\u00e9 des genres.<\/p>\n<ul>\n<li><strong>Sensibilisation manag\u00e9riale<\/strong> : Former les leaders \u00e0 reconna\u00eetre les biais dans l&#8217;attribution des t\u00e2ches aux collaborateurs en t\u00e9l\u00e9travail.<\/li>\n<li><strong>Horaires de r\u00e9unions stricts<\/strong> : \u00c9viter de planifier des r\u00e9unions critiques en fin de journ\u00e9e (p\u00e9riode charni\u00e8re pour les responsabilit\u00e9s familiales).<\/li>\n<li><strong>Culture du r\u00e9sultat<\/strong> : \u00c9valuer la performance sur les livrables r\u00e9els plut\u00f4t que sur la disponibilit\u00e9 visible \u00e0 des horaires atypiques.<\/li>\n<\/ul>\n<h2>Quelles strat\u00e9gies manag\u00e9riales l&#8217;employeur doit-il adopter ?<\/h2>\n<p>Pour que l&#8217;\u00e9quilibre entre vie professionnelle et personnelle devienne une r\u00e9alit\u00e9 tangible, les entreprises doivent imp\u00e9rativement traduire les recommandations l\u00e9gales en actions concr\u00e8tes. S&#8217;appuyant sur les recommandations de l&#8217;Organisation Internationale du Travail (OIT), les directions des ressources humaines peuvent d\u00e9ployer un cadre manag\u00e9rial structurant pour endiguer le paradoxe du t\u00e9l\u00e9travail.<\/p>\n<h3>1. Piloter par les objectifs, non par le chronom\u00e8tre<\/h3>\n<p>Le management moderne doit rompre avec la culture du pr\u00e9sent\u00e9isme num\u00e9rique. <\/p>\n<ul>\n<li><strong>Clarifier les attentes<\/strong> : Les managers doivent d\u00e9finir des livrables pr\u00e9cis et des \u00e9ch\u00e9ances r\u00e9alistes.<\/li>\n<li><strong>Autonomie planifi\u00e9e<\/strong> : L&#8217;entreprise doit permettre aux employ\u00e9s d&#8217;organiser leurs horaires autour des livrables, sans exiger de r\u00e9ponses instantan\u00e9es aux e-mails en dehors des plages de collaboration communes.<\/li>\n<\/ul>\n<h3>2. Garantir un droit \u00e0 la d\u00e9connexion s\u00e9curis\u00e9<\/h3>\n<\/p>\n<p>Une charte de d\u00e9connexion n&#8217;a de valeur que si elle est culturellement accept\u00e9e au sein de l&#8217;entreprise.<\/p>\n<ul>\n<li><strong>Exemplarit\u00e9 du leadership<\/strong> : Les managers ne doivent pas envoyer de messages non urgents le soir ou le week-end, ou utiliser des envois diff\u00e9r\u00e9s.<\/li>\n<li><strong>Tol\u00e9rance z\u00e9ro pour les repr\u00e9sailles<\/strong> : L&#8217;employeur doit assurer qu&#8217;un employ\u00e9 ne sera jamais p\u00e9nalis\u00e9 (dans ses \u00e9valuations ou ses promotions) pour ne pas avoir r\u00e9pondu en dehors de ses heures de travail.<\/li>\n<li><strong>Outils technologiques ma\u00eetris\u00e9s<\/strong> : Les \u00e9quipes informatiques doivent param\u00e9trer les outils de communication pour afficher clairement le statut de disponibilit\u00e9 et les fuseaux horaires.<\/li>\n<\/ul>\n<h3>3. D\u00e9ployer des politiques internes pro-famille<\/h3>\n<\/p>\n<p>L&#8217;entreprise doit s&#8217;adapter \u00e0 la r\u00e9alit\u00e9 sociologique de ses \u00e9quipes pour maintenir la performance \u00e0 long terme.<\/p>\n<ul>\n<li><strong>Soutien logistique<\/strong> : Les RH peuvent proposer des aides \u00e0 la garde d&#8217;enfants ou des horaires am\u00e9nag\u00e9s lors d&#8217;\u00e9v\u00e9nements familiaux importants.<\/li>\n<li><strong>Communication transparente<\/strong> : Les leaders doivent organiser des sessions d&#8217;\u00e9changes r\u00e9guli\u00e8res entre les collaborateurs et le management pour r\u00e9ajuster la charge de travail si elle devient incompatible avec un rythme de vie sain.<\/li>\n<\/ul>\n<p>Ce cadre manag\u00e9rial permet de transformer une flexibilit\u00e9 potentiellement destructrice en un v\u00e9ritable levier d&#8217;engagement et de r\u00e9tention des talents.<\/p>\n<h2>Foire Aux Questions (FAQ) : Cadre L\u00e9gal et Conciliation en Belgique<\/h2>\n<h3>Existe-t-il une loi interdisant d&#8217;envoyer des e-mails le soir en Belgique ?<\/h3>\n<p>Non, il n&#8217;existe pas d&#8217;interdiction stricte d&#8217;envoyer des e-mails le soir pour toutes les entreprises. Cependant, la loi du 26 mars 2018 oblige les entreprises \u00e0 organiser une concertation sociale (via le CPPT) pour d\u00e9finir les r\u00e8gles d&#8217;utilisation des outils num\u00e9riques, afin d&#8217;assurer le respect du temps de repos et du droit \u00e0 la d\u00e9connexion.<\/p>\n<h3>Le t\u00e9l\u00e9travail am\u00e9liore-t-il r\u00e9ellement l&#8217;\u00e9quilibre de vie ?<\/h3>\n<p>Les statistiques belges montrent une r\u00e9alit\u00e9 contrast\u00e9e. D&#8217;un c\u00f4t\u00e9, 75% des t\u00e9l\u00e9travailleurs estiment mieux organiser leur vie priv\u00e9e. De l&#8217;autre, pour 38,7% d&#8217;entre eux, s\u00e9parer la vie priv\u00e9e de la vie professionnelle demeure une difficult\u00e9 majeure.<\/p>\n<h3>Quels sont les risques d&#8217;une mauvaise gestion des fronti\u00e8res pro\/perso ?<\/h3>\n<p>Une hyperconnexion constante peut g\u00e9n\u00e9rer de graves risques psychosociaux (stress, anxi\u00e9t\u00e9, \u00e9puisement professionnel) ainsi que des troubles physiques (notamment des troubles musculosquelettiques ou TMS) li\u00e9s \u00e0 de mauvaises postures au domicile.<\/p>\n<h3>Que recommande l&#8217;OIT face \u00e0 ces d\u00e9fis ?<\/h3>\n<p>L&#8217;Organisation Internationale du Travail insiste sur le fait que l&#8217;employeur a un r\u00f4le actif \u00e0 jouer. Elle souligne que l&#8217;incapacit\u00e9 de se d\u00e9tendre affecte surtout les personnes ayant des responsabilit\u00e9s familiales, et recommande de promouvoir un partage \u00e9quitable des t\u00e2ches pour ne pas nuire \u00e0 l&#8217;\u00e9galit\u00e9 des genres.<\/p>\n<h2>Comment r\u00e9inventer le contrat social en entreprise ?<\/h2>\n<p>Maintenir un \u00e9quilibre sain entre les obligations de l&#8217;entreprise et la vie personnelle n&#8217;est plus seulement une question de volont\u00e9 individuelle. Comme le d\u00e9montre l&#8217;impact de l&#8217;hyperconnexion et la n\u00e9cessit\u00e9 d&#8217;un cadre l\u00e9gal tel que la loi belge de 2018, la flexibilit\u00e9 doit \u00eatre encadr\u00e9e pour ne pas se transformer en pi\u00e8ge.<\/p>\n<p>La balle n&#8217;est plus uniquement dans le camp du travailleur. L&#8217;\u00e9laboration d&#8217;un v\u00e9ritable droit \u00e0 la d\u00e9connexion exige un dialogue social constructif, notamment via le Comit\u00e9 pour la Pr\u00e9vention et la Protection au Travail (CPPT). Employeurs, partenaires sociaux et collaborateurs doivent cocr\u00e9er un nouveau contrat social : un environnement o\u00f9 la performance \u00e9conomique respecte la sant\u00e9 mentale, le droit au repos et l&#8217;\u00e9galit\u00e9 des genres.<\/p>\n<p><script type=\"application\/ld+json\">[{\"@context\": \"https:\/\/schema.org\", \"@type\": \"Article\", \"headline\": \"\u00c9quilibre Vie Pro-Vie Perso en Belgique : D\u00e9passer le Paradoxe du T\u00e9l\u00e9travail\", \"description\": \"Comment g\u00e9rer le paradoxe du t\u00e9l\u00e9travail en Belgique ? D\u00e9couvrez l'impact de l'hyperconnexion, la loi sur le droit \u00e0 la d\u00e9connexion et les strat\u00e9gies RH.\", \"wordCount\": 2090, \"inLanguage\": \"fr\", \"url\": \"https:\/\/everydayliving.be\/maintenir-lequilibre-entre-vie-professionnelle-et-vie-familiale\/\", \"dateModified\": \"2026-06-16T08:14:13.809482+00:00\"}, {\"@context\": \"https:\/\/schema.org\", \"@type\": \"FAQPage\", \"mainEntity\": [{\"@type\": \"Question\", \"name\": \"Quels sont les points cl\u00e9s \u00e0 retenir ?\", \"acceptedAnswer\": {\"@type\": \"Answer\", \"text\": \"Pour appr\u00e9hender les nouveaux d\u00e9fis de l'\u00e9quilibre de vie en Belgique, voici les \u00e9l\u00e9ments fondamentaux \u00e0 retenir :\"}}, {\"@type\": \"Question\", \"name\": \"Pourquoi la flexibilit\u00e9 du t\u00e9l\u00e9travail est-elle devenue un pi\u00e8ge ?\", \"acceptedAnswer\": {\"@type\": \"Answer\", \"text\": \"<!-- audience_reframing -->\\nLe passage au travail hybride a g\u00e9n\u00e9r\u00e9 une dissonance cognitive majeure au sein des effectifs. D'un c\u00f4t\u00e9, les chiffres de l'Organisation Internationale du Travail (OIT) et les donn\u00e9es belges t\u00e9moignent d'un enthousiasme ind\u00e9niable : 3 t\u00e9l\u00e9travailleurs sur 4 (75%) affirment qu'ils peuvent mieux organiser leur vie priv\u00e9e gr\u00e2ce au t\u00e9l\u00e9travail. Cette statistique illustre l'attrait initial pour une technologie capable d'\u00e9liminer les temps de trajet et d'offrir une souverainet\u00e9 sur son emploi du temps.\"}}, {\"@type\": \"Question\", \"name\": \"Quels sont les impacts de l'hyperconnexion sur la sant\u00e9 physique et mentale ?\", \"acceptedAnswer\": {\"@type\": \"Answer\", \"text\": \"L'absence de limites claires entre les sph\u00e8res professionnelles et personnelles d\u00e9passe largement le cadre du simple inconfort. L'hyperconnexion engendre des cons\u00e9quences m\u00e9dicales, psychologiques et physiques de plus en plus document\u00e9es, qui transforment le bien-\u00eatre au travail en un enjeu de sant\u00e9 publique.\"}}, {\"@type\": \"Question\", \"name\": \"Le Cadre L\u00e9gal en Belgique : Que dit la Loi sur le Droit \u00e0 la D\u00e9connexion ?\", \"acceptedAnswer\": {\"@type\": \"Answer\", \"text\": \"Face aux d\u00e9rives de l'hyperconnexion, le l\u00e9gislateur belge a d\u00fb intervenir pour d\u00e9passer les simples recommandations de bien-\u00eatre. Le droit \u00e0 la d\u00e9connexion n'est plus une simple courtoisie manag\u00e9riale, mais une composante reconnue du droit du travail, structur\u00e9e par des textes fondateurs.\"}}, {\"@type\": \"Question\", \"name\": \"Le t\u00e9l\u00e9travail menace-t-il l'\u00e9galit\u00e9 des genres ?\", \"acceptedAnswer\": {\"@type\": \"Answer\", \"text\": \"La conciliation entre vie professionnelle et vie personnelle cache une dimension soci\u00e9tale fr\u00e9quemment ignor\u00e9e : son impact direct sur l'\u00e9galit\u00e9 hommes-femmes. Si le travail \u00e0 domicile supprime les temps de trajet, il a aussi tendance \u00e0 rapatrier la charge mentale des t\u00e2ches domestiques au c\u0153ur m\u00eame de la journ\u00e9e de travail.\"}}, {\"@type\": \"Question\", \"name\": \"Quelles strat\u00e9gies manag\u00e9riales l'employeur doit-il adopter ?\", \"acceptedAnswer\": {\"@type\": \"Answer\", \"text\": \"<!-- framework -->\\nPour que l'\u00e9quilibre entre vie professionnelle et personnelle devienne une r\u00e9alit\u00e9 tangible, les entreprises doivent imp\u00e9rativement traduire les recommandations l\u00e9gales en actions concr\u00e8tes. S'appuyant sur les recommandations de l'Organisation Internationale du Travail (OIT), les directions des ressources humaines peuvent d\u00e9ployer un cadre manag\u00e9rial structurant pour endiguer le paradoxe du t\u00e9l\u00e9travail.\"}}, {\"@type\": \"Question\", \"name\": \"Existe-t-il une loi interdisant d'envoyer des e-mails le soir en Belgique ?\", \"acceptedAnswer\": {\"@type\": \"Answer\", \"text\": \"Non, il n'existe pas d'interdiction stricte d'envoyer des e-mails le soir pour toutes les entreprises. Cependant, la loi du 26 mars 2018 oblige les entreprises \u00e0 organiser une concertation sociale (via le CPPT) pour d\u00e9finir les r\u00e8gles d'utilisation des outils num\u00e9riques, afin d'assurer le respect du temps de repos et du droit \u00e0 la d\u00e9connexion.\"}}, {\"@type\": \"Question\", \"name\": \"Le t\u00e9l\u00e9travail am\u00e9liore-t-il r\u00e9ellement l'\u00e9quilibre de vie ?\", \"acceptedAnswer\": {\"@type\": \"Answer\", \"text\": \"Les statistiques belges montrent une r\u00e9alit\u00e9 contrast\u00e9e. D'un c\u00f4t\u00e9, 75% des t\u00e9l\u00e9travailleurs estiment mieux organiser leur vie priv\u00e9e. De l'autre, pour 38,7% d'entre eux, s\u00e9parer la vie priv\u00e9e de la vie professionnelle demeure une difficult\u00e9 majeure.\"}}, {\"@type\": \"Question\", \"name\": \"Quels sont les risques d'une mauvaise gestion des fronti\u00e8res pro\/perso ?\", \"acceptedAnswer\": {\"@type\": \"Answer\", \"text\": \"Une hyperconnexion constante peut g\u00e9n\u00e9rer de graves risques psychosociaux (stress, anxi\u00e9t\u00e9, \u00e9puisement professionnel) ainsi que des troubles physiques (notamment des troubles musculosquelettiques ou TMS) li\u00e9s \u00e0 de mauvaises postures au domicile.\"}}, {\"@type\": \"Question\", \"name\": \"Que recommande l'OIT face \u00e0 ces d\u00e9fis ?\", \"acceptedAnswer\": {\"@type\": \"Answer\", \"text\": \"L'Organisation Internationale du Travail insiste sur le fait que l'employeur a un r\u00f4le actif \u00e0 jouer. Elle souligne que l'incapacit\u00e9 de se d\u00e9tendre affecte surtout les personnes ayant des responsabilit\u00e9s familiales, et recommande de promouvoir un partage \u00e9quitable des t\u00e2ches pour ne pas nuire \u00e0 l'\u00e9galit\u00e9 des genres.\"}}]}]<\/script><\/p>\n","protected":false},"excerpt":{"rendered":"<p>D\u00e9couvrez des strat\u00e9gies efficaces pour harmoniser vos engagements professionnels et familiaux, assurant un \u00e9quilibre sain et durable dans votre quotidien.<\/p>\n","protected":false},"author":2,"featured_media":193,"comment_status":"open","ping_status":"open","sticky":false,"template":"","format":"standard","meta":{"inline_featured_image":false,"footnotes":""},"categories":[9],"tags":[],"class_list":["post-183","post","type-post","status-publish","format-standard","has-post-thumbnail","hentry","category-familles-et-relations"],"yoast_head":"<!-- This site is optimized with the Yoast SEO plugin v24.6 - https:\/\/yoast.com\/wordpress\/plugins\/seo\/ -->\n<title>Maintenir l\u2019\u00c9quilibre entre Vie Professionnelle et Vie Familiale - EverydayLiving - Embrace the Extraordinary<\/title>\n<meta name=\"robots\" content=\"index, follow, max-snippet:-1, max-image-preview:large, max-video-preview:-1\" \/>\n<link rel=\"canonical\" href=\"https:\/\/everydayliving.be\/en\/maintenir-lequilibre-entre-vie-professionnelle-et-vie-familiale\/\" \/>\n<meta property=\"og:locale\" content=\"en_US\" \/>\n<meta property=\"og:type\" content=\"article\" \/>\n<meta property=\"og:title\" content=\"Maintenir l\u2019\u00c9quilibre entre Vie Professionnelle et Vie Familiale - EverydayLiving - Embrace the Extraordinary\" \/>\n<meta property=\"og:description\" content=\"D\u00e9couvrez des strat\u00e9gies efficaces pour harmoniser vos engagements professionnels et familiaux, assurant un \u00e9quilibre sain et durable dans votre quotidien.\" \/>\n<meta property=\"og:url\" content=\"https:\/\/everydayliving.be\/en\/maintenir-lequilibre-entre-vie-professionnelle-et-vie-familiale\/\" \/>\n<meta property=\"og:site_name\" content=\"EverydayLiving - Embrace the Extraordinary\" \/>\n<meta property=\"article:published_time\" content=\"2024-11-12T10:58:08+00:00\" \/>\n<meta property=\"article:modified_time\" content=\"2026-06-16T08:16:30+00:00\" \/>\n<meta property=\"og:image\" content=\"https:\/\/everydayliving.be\/wp-content\/uploads\/2024\/11\/fabianct__Maintenir_lEquilibre_entre_Vie_Professionnelle_et_Vie_e2bd5635-f5e4-4d26-a97d-d5cf270079b6.png\" \/>\n\t<meta property=\"og:image:width\" content=\"1024\" \/>\n\t<meta property=\"og:image:height\" content=\"1024\" \/>\n\t<meta property=\"og:image:type\" content=\"image\/png\" \/>\n<meta name=\"author\" content=\"info@kwizera.bi\" \/>\n<meta name=\"twitter:card\" content=\"summary_large_image\" \/>\n<meta name=\"twitter:label1\" content=\"Written by\" \/>\n\t<meta name=\"twitter:data1\" content=\"info@kwizera.bi\" \/>\n\t<meta name=\"twitter:label2\" content=\"Est. reading time\" \/>\n\t<meta name=\"twitter:data2\" content=\"8 minutes\" \/>\n<script type=\"application\/ld+json\" class=\"yoast-schema-graph\">{\"@context\":\"https:\/\/schema.org\",\"@graph\":[{\"@type\":\"Article\",\"@id\":\"https:\/\/everydayliving.be\/en\/maintenir-lequilibre-entre-vie-professionnelle-et-vie-familiale\/#article\",\"isPartOf\":{\"@id\":\"https:\/\/everydayliving.be\/en\/maintenir-lequilibre-entre-vie-professionnelle-et-vie-familiale\/\"},\"author\":{\"name\":\"info@kwizera.bi\",\"@id\":\"https:\/\/everydayliving.be\/en\/#\/schema\/person\/4971304cf7ea2deed717b970613b2507\"},\"headline\":\"Maintenir l\u2019\u00c9quilibre entre Vie Professionnelle et Vie Familiale\",\"datePublished\":\"2024-11-12T10:58:08+00:00\",\"dateModified\":\"2026-06-16T08:16:30+00:00\",\"mainEntityOfPage\":{\"@id\":\"https:\/\/everydayliving.be\/en\/maintenir-lequilibre-entre-vie-professionnelle-et-vie-familiale\/\"},\"wordCount\":2452,\"commentCount\":0,\"publisher\":{\"@id\":\"https:\/\/everydayliving.be\/en\/#organization\"},\"image\":{\"@id\":\"https:\/\/everydayliving.be\/en\/maintenir-lequilibre-entre-vie-professionnelle-et-vie-familiale\/#primaryimage\"},\"thumbnailUrl\":\"https:\/\/everydayliving.be\/wp-content\/uploads\/2024\/11\/fabianct__Maintenir_lEquilibre_entre_Vie_Professionnelle_et_Vie_e2bd5635-f5e4-4d26-a97d-d5cf270079b6.png\",\"articleSection\":[\"Familles et relations\"],\"inLanguage\":\"en-US\",\"potentialAction\":[{\"@type\":\"CommentAction\",\"name\":\"Comment\",\"target\":[\"https:\/\/everydayliving.be\/en\/maintenir-lequilibre-entre-vie-professionnelle-et-vie-familiale\/#respond\"]}]},{\"@type\":\"WebPage\",\"@id\":\"https:\/\/everydayliving.be\/en\/maintenir-lequilibre-entre-vie-professionnelle-et-vie-familiale\/\",\"url\":\"https:\/\/everydayliving.be\/en\/maintenir-lequilibre-entre-vie-professionnelle-et-vie-familiale\/\",\"name\":\"Maintenir l\u2019\u00c9quilibre entre Vie Professionnelle et Vie Familiale - EverydayLiving - Embrace the Extraordinary\",\"isPartOf\":{\"@id\":\"https:\/\/everydayliving.be\/en\/#website\"},\"primaryImageOfPage\":{\"@id\":\"https:\/\/everydayliving.be\/en\/maintenir-lequilibre-entre-vie-professionnelle-et-vie-familiale\/#primaryimage\"},\"image\":{\"@id\":\"https:\/\/everydayliving.be\/en\/maintenir-lequilibre-entre-vie-professionnelle-et-vie-familiale\/#primaryimage\"},\"thumbnailUrl\":\"https:\/\/everydayliving.be\/wp-content\/uploads\/2024\/11\/fabianct__Maintenir_lEquilibre_entre_Vie_Professionnelle_et_Vie_e2bd5635-f5e4-4d26-a97d-d5cf270079b6.png\",\"datePublished\":\"2024-11-12T10:58:08+00:00\",\"dateModified\":\"2026-06-16T08:16:30+00:00\",\"breadcrumb\":{\"@id\":\"https:\/\/everydayliving.be\/en\/maintenir-lequilibre-entre-vie-professionnelle-et-vie-familiale\/#breadcrumb\"},\"inLanguage\":\"en-US\",\"potentialAction\":[{\"@type\":\"ReadAction\",\"target\":[\"https:\/\/everydayliving.be\/en\/maintenir-lequilibre-entre-vie-professionnelle-et-vie-familiale\/\"]}]},{\"@type\":\"ImageObject\",\"inLanguage\":\"en-US\",\"@id\":\"https:\/\/everydayliving.be\/en\/maintenir-lequilibre-entre-vie-professionnelle-et-vie-familiale\/#primaryimage\",\"url\":\"https:\/\/everydayliving.be\/wp-content\/uploads\/2024\/11\/fabianct__Maintenir_lEquilibre_entre_Vie_Professionnelle_et_Vie_e2bd5635-f5e4-4d26-a97d-d5cf270079b6.png\",\"contentUrl\":\"https:\/\/everydayliving.be\/wp-content\/uploads\/2024\/11\/fabianct__Maintenir_lEquilibre_entre_Vie_Professionnelle_et_Vie_e2bd5635-f5e4-4d26-a97d-d5cf270079b6.png\",\"width\":1024,\"height\":1024},{\"@type\":\"BreadcrumbList\",\"@id\":\"https:\/\/everydayliving.be\/en\/maintenir-lequilibre-entre-vie-professionnelle-et-vie-familiale\/#breadcrumb\",\"itemListElement\":[{\"@type\":\"ListItem\",\"position\":1,\"name\":\"Home\",\"item\":\"https:\/\/everydayliving.be\/en\/\"},{\"@type\":\"ListItem\",\"position\":2,\"name\":\"Maintenir l\u2019\u00c9quilibre entre Vie Professionnelle et Vie Familiale\"}]},{\"@type\":\"WebSite\",\"@id\":\"https:\/\/everydayliving.be\/en\/#website\",\"url\":\"https:\/\/everydayliving.be\/en\/\",\"name\":\"EverydayLiving - Embrace the Extraordinary\",\"description\":\"\",\"publisher\":{\"@id\":\"https:\/\/everydayliving.be\/en\/#organization\"},\"potentialAction\":[{\"@type\":\"SearchAction\",\"target\":{\"@type\":\"EntryPoint\",\"urlTemplate\":\"https:\/\/everydayliving.be\/en\/?s={search_term_string}\"},\"query-input\":{\"@type\":\"PropertyValueSpecification\",\"valueRequired\":true,\"valueName\":\"search_term_string\"}}],\"inLanguage\":\"en-US\"},{\"@type\":\"Organization\",\"@id\":\"https:\/\/everydayliving.be\/en\/#organization\",\"name\":\"EverydayLiving - Embrace the Extraordinary\",\"url\":\"https:\/\/everydayliving.be\/en\/\",\"logo\":{\"@type\":\"ImageObject\",\"inLanguage\":\"en-US\",\"@id\":\"https:\/\/everydayliving.be\/en\/#\/schema\/logo\/image\/\",\"url\":\"https:\/\/everydayliving.be\/wp-content\/uploads\/2024\/11\/Rima-Reyes-1-1-removebg-preview.png\",\"contentUrl\":\"https:\/\/everydayliving.be\/wp-content\/uploads\/2024\/11\/Rima-Reyes-1-1-removebg-preview.png\",\"width\":500,\"height\":500,\"caption\":\"EverydayLiving - Embrace the Extraordinary\"},\"image\":{\"@id\":\"https:\/\/everydayliving.be\/en\/#\/schema\/logo\/image\/\"}},{\"@type\":\"Person\",\"@id\":\"https:\/\/everydayliving.be\/en\/#\/schema\/person\/4971304cf7ea2deed717b970613b2507\",\"name\":\"info@kwizera.bi\",\"image\":{\"@type\":\"ImageObject\",\"inLanguage\":\"en-US\",\"@id\":\"https:\/\/everydayliving.be\/en\/#\/schema\/person\/image\/\",\"url\":\"https:\/\/secure.gravatar.com\/avatar\/4b255983682351b7e77d4eac407a99eba8ae0c62610677afbc95111e673d4af9?s=96&d=mm&r=g\",\"contentUrl\":\"https:\/\/secure.gravatar.com\/avatar\/4b255983682351b7e77d4eac407a99eba8ae0c62610677afbc95111e673d4af9?s=96&d=mm&r=g\",\"caption\":\"info@kwizera.bi\"},\"url\":\"https:\/\/everydayliving.be\/en\/author\/infokwizera-bi\/\"}]}<\/script>\n<!-- \/ Yoast SEO plugin. -->","yoast_head_json":{"title":"Maintenir l\u2019\u00c9quilibre entre Vie Professionnelle et Vie Familiale - EverydayLiving - Embrace the Extraordinary","robots":{"index":"index","follow":"follow","max-snippet":"max-snippet:-1","max-image-preview":"max-image-preview:large","max-video-preview":"max-video-preview:-1"},"canonical":"https:\/\/everydayliving.be\/en\/maintenir-lequilibre-entre-vie-professionnelle-et-vie-familiale\/","og_locale":"en_US","og_type":"article","og_title":"Maintenir l\u2019\u00c9quilibre entre Vie Professionnelle et Vie Familiale - EverydayLiving - Embrace the Extraordinary","og_description":"D\u00e9couvrez des strat\u00e9gies efficaces pour harmoniser vos engagements professionnels et familiaux, assurant un \u00e9quilibre sain et durable dans votre quotidien.","og_url":"https:\/\/everydayliving.be\/en\/maintenir-lequilibre-entre-vie-professionnelle-et-vie-familiale\/","og_site_name":"EverydayLiving - Embrace the Extraordinary","article_published_time":"2024-11-12T10:58:08+00:00","article_modified_time":"2026-06-16T08:16:30+00:00","og_image":[{"width":1024,"height":1024,"url":"https:\/\/everydayliving.be\/wp-content\/uploads\/2024\/11\/fabianct__Maintenir_lEquilibre_entre_Vie_Professionnelle_et_Vie_e2bd5635-f5e4-4d26-a97d-d5cf270079b6.png","type":"image\/png"}],"author":"info@kwizera.bi","twitter_card":"summary_large_image","twitter_misc":{"Written by":"info@kwizera.bi","Est. reading time":"8 minutes"},"schema":{"@context":"https:\/\/schema.org","@graph":[{"@type":"Article","@id":"https:\/\/everydayliving.be\/en\/maintenir-lequilibre-entre-vie-professionnelle-et-vie-familiale\/#article","isPartOf":{"@id":"https:\/\/everydayliving.be\/en\/maintenir-lequilibre-entre-vie-professionnelle-et-vie-familiale\/"},"author":{"name":"info@kwizera.bi","@id":"https:\/\/everydayliving.be\/en\/#\/schema\/person\/4971304cf7ea2deed717b970613b2507"},"headline":"Maintenir l\u2019\u00c9quilibre entre Vie Professionnelle et Vie Familiale","datePublished":"2024-11-12T10:58:08+00:00","dateModified":"2026-06-16T08:16:30+00:00","mainEntityOfPage":{"@id":"https:\/\/everydayliving.be\/en\/maintenir-lequilibre-entre-vie-professionnelle-et-vie-familiale\/"},"wordCount":2452,"commentCount":0,"publisher":{"@id":"https:\/\/everydayliving.be\/en\/#organization"},"image":{"@id":"https:\/\/everydayliving.be\/en\/maintenir-lequilibre-entre-vie-professionnelle-et-vie-familiale\/#primaryimage"},"thumbnailUrl":"https:\/\/everydayliving.be\/wp-content\/uploads\/2024\/11\/fabianct__Maintenir_lEquilibre_entre_Vie_Professionnelle_et_Vie_e2bd5635-f5e4-4d26-a97d-d5cf270079b6.png","articleSection":["Familles et relations"],"inLanguage":"en-US","potentialAction":[{"@type":"CommentAction","name":"Comment","target":["https:\/\/everydayliving.be\/en\/maintenir-lequilibre-entre-vie-professionnelle-et-vie-familiale\/#respond"]}]},{"@type":"WebPage","@id":"https:\/\/everydayliving.be\/en\/maintenir-lequilibre-entre-vie-professionnelle-et-vie-familiale\/","url":"https:\/\/everydayliving.be\/en\/maintenir-lequilibre-entre-vie-professionnelle-et-vie-familiale\/","name":"Maintenir l\u2019\u00c9quilibre entre Vie Professionnelle et Vie Familiale - EverydayLiving - Embrace the Extraordinary","isPartOf":{"@id":"https:\/\/everydayliving.be\/en\/#website"},"primaryImageOfPage":{"@id":"https:\/\/everydayliving.be\/en\/maintenir-lequilibre-entre-vie-professionnelle-et-vie-familiale\/#primaryimage"},"image":{"@id":"https:\/\/everydayliving.be\/en\/maintenir-lequilibre-entre-vie-professionnelle-et-vie-familiale\/#primaryimage"},"thumbnailUrl":"https:\/\/everydayliving.be\/wp-content\/uploads\/2024\/11\/fabianct__Maintenir_lEquilibre_entre_Vie_Professionnelle_et_Vie_e2bd5635-f5e4-4d26-a97d-d5cf270079b6.png","datePublished":"2024-11-12T10:58:08+00:00","dateModified":"2026-06-16T08:16:30+00:00","breadcrumb":{"@id":"https:\/\/everydayliving.be\/en\/maintenir-lequilibre-entre-vie-professionnelle-et-vie-familiale\/#breadcrumb"},"inLanguage":"en-US","potentialAction":[{"@type":"ReadAction","target":["https:\/\/everydayliving.be\/en\/maintenir-lequilibre-entre-vie-professionnelle-et-vie-familiale\/"]}]},{"@type":"ImageObject","inLanguage":"en-US","@id":"https:\/\/everydayliving.be\/en\/maintenir-lequilibre-entre-vie-professionnelle-et-vie-familiale\/#primaryimage","url":"https:\/\/everydayliving.be\/wp-content\/uploads\/2024\/11\/fabianct__Maintenir_lEquilibre_entre_Vie_Professionnelle_et_Vie_e2bd5635-f5e4-4d26-a97d-d5cf270079b6.png","contentUrl":"https:\/\/everydayliving.be\/wp-content\/uploads\/2024\/11\/fabianct__Maintenir_lEquilibre_entre_Vie_Professionnelle_et_Vie_e2bd5635-f5e4-4d26-a97d-d5cf270079b6.png","width":1024,"height":1024},{"@type":"BreadcrumbList","@id":"https:\/\/everydayliving.be\/en\/maintenir-lequilibre-entre-vie-professionnelle-et-vie-familiale\/#breadcrumb","itemListElement":[{"@type":"ListItem","position":1,"name":"Home","item":"https:\/\/everydayliving.be\/en\/"},{"@type":"ListItem","position":2,"name":"Maintenir l\u2019\u00c9quilibre entre Vie Professionnelle et Vie Familiale"}]},{"@type":"WebSite","@id":"https:\/\/everydayliving.be\/en\/#website","url":"https:\/\/everydayliving.be\/en\/","name":"EverydayLiving - Embrace the Extraordinary","description":"","publisher":{"@id":"https:\/\/everydayliving.be\/en\/#organization"},"potentialAction":[{"@type":"SearchAction","target":{"@type":"EntryPoint","urlTemplate":"https:\/\/everydayliving.be\/en\/?s={search_term_string}"},"query-input":{"@type":"PropertyValueSpecification","valueRequired":true,"valueName":"search_term_string"}}],"inLanguage":"en-US"},{"@type":"Organization","@id":"https:\/\/everydayliving.be\/en\/#organization","name":"EverydayLiving - Embrace the Extraordinary","url":"https:\/\/everydayliving.be\/en\/","logo":{"@type":"ImageObject","inLanguage":"en-US","@id":"https:\/\/everydayliving.be\/en\/#\/schema\/logo\/image\/","url":"https:\/\/everydayliving.be\/wp-content\/uploads\/2024\/11\/Rima-Reyes-1-1-removebg-preview.png","contentUrl":"https:\/\/everydayliving.be\/wp-content\/uploads\/2024\/11\/Rima-Reyes-1-1-removebg-preview.png","width":500,"height":500,"caption":"EverydayLiving - Embrace the Extraordinary"},"image":{"@id":"https:\/\/everydayliving.be\/en\/#\/schema\/logo\/image\/"}},{"@type":"Person","@id":"https:\/\/everydayliving.be\/en\/#\/schema\/person\/4971304cf7ea2deed717b970613b2507","name":"info@kwizera.bi","image":{"@type":"ImageObject","inLanguage":"en-US","@id":"https:\/\/everydayliving.be\/en\/#\/schema\/person\/image\/","url":"https:\/\/secure.gravatar.com\/avatar\/4b255983682351b7e77d4eac407a99eba8ae0c62610677afbc95111e673d4af9?s=96&d=mm&r=g","contentUrl":"https:\/\/secure.gravatar.com\/avatar\/4b255983682351b7e77d4eac407a99eba8ae0c62610677afbc95111e673d4af9?s=96&d=mm&r=g","caption":"info@kwizera.bi"},"url":"https:\/\/everydayliving.be\/en\/author\/infokwizera-bi\/"}]}},"_links":{"self":[{"href":"https:\/\/everydayliving.be\/en\/wp-json\/wp\/v2\/posts\/183","targetHints":{"allow":["GET"]}}],"collection":[{"href":"https:\/\/everydayliving.be\/en\/wp-json\/wp\/v2\/posts"}],"about":[{"href":"https:\/\/everydayliving.be\/en\/wp-json\/wp\/v2\/types\/post"}],"author":[{"embeddable":true,"href":"https:\/\/everydayliving.be\/en\/wp-json\/wp\/v2\/users\/2"}],"replies":[{"embeddable":true,"href":"https:\/\/everydayliving.be\/en\/wp-json\/wp\/v2\/comments?post=183"}],"version-history":[{"count":0,"href":"https:\/\/everydayliving.be\/en\/wp-json\/wp\/v2\/posts\/183\/revisions"}],"wp:featuredmedia":[{"embeddable":true,"href":"https:\/\/everydayliving.be\/en\/wp-json\/wp\/v2\/media\/193"}],"wp:attachment":[{"href":"https:\/\/everydayliving.be\/en\/wp-json\/wp\/v2\/media?parent=183"}],"wp:term":[{"taxonomy":"category","embeddable":true,"href":"https:\/\/everydayliving.be\/en\/wp-json\/wp\/v2\/categories?post=183"},{"taxonomy":"post_tag","embeddable":true,"href":"https:\/\/everydayliving.be\/en\/wp-json\/wp\/v2\/tags?post=183"}],"curies":[{"name":"wp","href":"https:\/\/api.w.org\/{rel}","templated":true}]}}