{"id":1185,"date":"2025-11-21T09:16:35","date_gmt":"2025-11-21T09:16:35","guid":{"rendered":"https:\/\/everydayliving.be\/?p=1185"},"modified":"2026-07-20T15:18:46","modified_gmt":"2026-07-20T15:18:46","slug":"loutil-indispensable-comment-les-vehicules-utilitaires-faconnent-le-quotidien-professionnel-en-belgique","status":"publish","type":"post","link":"https:\/\/everydayliving.be\/en\/loutil-indispensable-comment-les-vehicules-utilitaires-faconnent-le-quotidien-professionnel-en-belgique\/","title":{"rendered":"L&#8217;Outil Indispensable : Comment les V\u00e9hicules Utilitaires Fa\u00e7onnent le Quotidien Professionnel en Belgique"},"content":{"rendered":"<h2>Pourquoi le Choix d&#8217;un Utilitaire est-il Devenu Strat\u00e9gique ?<\/h2>\n<p>{<br \/>\n  &#8220;@context&#8221;: &#8220;https:\/\/schema.org&#8221;,<br \/>\n  &#8220;@type&#8221;: &#8220;Article&#8221;,<br \/>\n  &#8220;about&#8221;: [<br \/>\n    {&#8220;@type&#8221;: &#8220;Thing&#8221;, &#8220;name&#8221;: &#8220;V\u00e9hicule utilitaire&#8221;, &#8220;description&#8221;: &#8220;Outil de transport professionnel&#8221;},<br \/>\n    {&#8220;@type&#8221;: &#8220;Thing&#8221;, &#8220;name&#8221;: &#8220;Permis B&#8221;, &#8220;description&#8221;: &#8220;Permis suffisant pour PTAC \u2264 3,5 tonnes&#8221;}<br \/>\n  ]<br \/>\n}<\/p>\n<p>Dans l&#8217;agitation de notre vie quotidienne, il est facile d&#8217;oublier les rouages essentiels qui font tourner notre soci\u00e9t\u00e9. Du plombier qui intervient pour une urgence \u00e0 Namur au livreur de colis qui navigue dans les rues \u00e9troites de Bruxelles, en passant par l&#8217;artisan qui r\u00e9nove une fa\u00e7ade \u00e0 Anvers, la fourgonnette est bien plus qu&#8217;un moyen de transport.<\/p>\n<p>En 2025, le choix d&#8217;un mod\u00e8le ne se limite d&#8217;ailleurs plus au simple volume de chargement brut. C&#8217;est aujourd&#8217;hui une v\u00e9ritable d\u00e9marche d&#8217;ing\u00e9nierie op\u00e9rationnelle. Le march\u00e9 des <a href=\"https:\/\/www.volkswagen-commercial-vehicles.be\/fr\/offres-vehicules-utilitaires.html\" target=\"_blank\" rel=\"noopener\">v\u00e9hicules utilitaires<\/a> a d\u00fb s&#8217;adapter aux mutations profondes de l&#8217;\u00e9conomie belge.<\/p>\n<p>Les professionnels attendent d\u00e9sormais un \u00e9cosyst\u00e8me mobile capable de r\u00e9pondre simultan\u00e9ment aux contraintes de stationnement urbain, \u00e0 la fiscalit\u00e9 environnementale et aux exigences d&#8217;un atelier connect\u00e9. Pour les ind\u00e9pendants et les PME, l&#8217;\u00e9lectrification impos\u00e9e par les normes urbaines, l&#8217;am\u00e9nagement modulaire de l&#8217;espace arri\u00e8re et l&#8217;optimisation des flux financiers transforment ce qui \u00e9tait autrefois une simple camionnette en un v\u00e9ritable centre de profit mobile. Une d\u00e9cision mal calibr\u00e9e impacte directement la marge b\u00e9n\u00e9ficiaire de l&#8217;entreprise.<\/p>\n<h2>Quels Sont les Points Cl\u00e9s \u00e0 Retenir pour Votre Flotte ?<\/h2>\n<p>Pour structurer l&#8217;acquisition ou le renouvellement de votre flotte, voici les fondamentaux op\u00e9rationnels :<\/p>\n<ul>\n<li><strong>Cadre l\u00e9gal souple<\/strong> : Un permis B suffit pour conduire les v\u00e9hicules utilitaires l\u00e9gers (PTAC \u2264 3,5 tonnes), facilitant le recrutement de chauffeurs.<\/li>\n<li><strong>Transition \u00e9lectrique viable<\/strong> : Les motorisations r\u00e9centes couvrent largement les tourn\u00e9es quotidiennes, assurant l&#8217;acc\u00e8s ininterrompu aux zones urbaines restreintes.<\/li>\n<li><strong>Ergonomie millim\u00e9tr\u00e9e<\/strong> : L&#8217;acc\u00e8s lat\u00e9ral devient prioritaire sur le volume arri\u00e8re pour op\u00e9rer dans les centres-villes denses.<\/li>\n<li><strong>Optimisation de la charge<\/strong> : L&#8217;am\u00e9nagement int\u00e9rieur doit privil\u00e9gier des mat\u00e9riaux all\u00e9g\u00e9s pour pr\u00e9server la capacit\u00e9 de transport l\u00e9gale.<\/li>\n<li><strong>Leviers fiscaux<\/strong> : La distinction entre leasing et renting permet de choisir l&#8217;impact comptable exact de la flotte sur le bilan de l&#8217;entreprise.<\/li>\n<\/ul>\n<h2>Quel Cadre L\u00e9gal R\u00e9git la Mobilit\u00e9 Professionnelle en Belgique ?<\/h2>\n<h3>Comment s&#8217;applique la fronti\u00e8re des 3,5 tonnes ?<\/h3>\n<p>Choisir un utilitaire en Belgique impose d&#8217;abord de comprendre le terrain r\u00e9glementaire. L&#8217;\u00e9l\u00e9ment central r\u00e9side dans le Poids Total Autoris\u00e9 en Charge (PTAC).<\/p>\n<p>Un permis B suffit pour conduire les v\u00e9hicules utilitaires l\u00e9gers dont le PTAC est inf\u00e9rieur ou \u00e9gal \u00e0 3,5 tonnes. Cette norme europ\u00e9enne garantit une grande flexibilit\u00e9 en ressources humaines pour les PME belges.<\/p>\n<h3>Comment r\u00e9soudre l&#8217;\u00e9quation de la charge utile ?<\/h3>\n<p>Rester sous cette barre des 3,5 tonnes implique cependant un calcul rigoureux pour les gestionnaires de flotte. Le PTAC comprend le poids du v\u00e9hicule \u00e0 vide, le poids du chauffeur, du carburant, des am\u00e9nagements int\u00e9rieurs et de la marchandise transport\u00e9e.<\/p>\n<p>Si une entreprise opte pour un grand fourgon tr\u00e8s lourd \u00e0 vide, la marge restante pour l&#8217;outillage et les mat\u00e9riaux (la charge utile) se r\u00e9duit drastiquement. La strat\u00e9gie consiste donc \u00e0 maximiser l&#8217;espace int\u00e9rieur tout en contenant la masse globale.<\/p>\n<h2>Pourquoi la Pression des LEZ Rend-Elle l&#8217;\u00c9lectrification In\u00e9vitable ?<\/h2>\n<h3>Comment g\u00e9rer l&#8217;acc\u00e8s aux centres-villes ?<\/h3>\n<p>Pour un \u00e9lectricien ou un chauffagiste, se voir refuser l&#8217;acc\u00e8s \u00e0 un chantier urbain en raison des \u00e9missions de son v\u00e9hicule entra\u00eene une perte d&#8217;exploitation directe. Le passage aux motorisations alternatives n&#8217;est plus une simple d\u00e9marche \u00e9cologique, mais une exigence commerciale.<\/p>\n<p>Le segment professionnel europ\u00e9en refl\u00e8te cette transition forc\u00e9e. Plusieurs constructeurs historiques consolident leurs positions, \u00e0 l&#8217;image de Renault qui d\u00e9tient une part de march\u00e9 de 15,3 % sur le march\u00e9 europ\u00e9en du v\u00e9hicule utilitaire en 2025 (selon les chiffres du constructeur), s&#8217;articulant autour des nouvelles motorisations sans \u00e9mission \u00e0 l&#8217;\u00e9chappement.<\/p>\n<h3>L&#8217;angoisse de l&#8217;autonomie est-elle r\u00e9volue ?<\/h3>\n<p>L&#8217;un des freins majeurs \u00e0 l&#8217;adoption de l&#8217;\u00e9lectrique par les PME concernait le rayon d&#8217;action. Les technologies de batteries actuelles r\u00e9pondent cependant aux r\u00e9alit\u00e9s topographiques belges. Le Kangoo Van E-Tech electric offre ainsi une autonomie de 307 km en cycle d&#8217;homologation.<\/p>\n<p>Cette port\u00e9e garantit une marge de s\u00e9curit\u00e9 confortable. La recharge se programme la nuit au d\u00e9p\u00f4t, \u00e9liminant le temps perdu en station-service durant les heures facturables.<\/p>\n<p>Cette transition vers l&#8217;\u00e9lectrique n\u00e9cessite toutefois de prendre en compte certaines contraintes : un co\u00fbt d&#8217;acquisition initial souvent sup\u00e9rieur, des limites d&#8217;autonomie pour de tr\u00e8s longs trajets, et la n\u00e9cessit\u00e9 de s&#8217;adapter \u00e0 l&#8217;infrastructure de recharge publique en cas d&#8217;impr\u00e9vus.<\/p>\n<h2>Comment Am\u00e9nager un Fourgon pour Maximiser sa Rentabilit\u00e9 ?<\/h2>\n<p>Transformer une zone de chargement vide en un outil fonctionnel exige de la m\u00e9thode. Selon les sp\u00e9cialistes de l&#8217;am\u00e9nagement, huit \u00e9l\u00e9ments essentiels composent un v\u00e9hicule utilitaire optimis\u00e9 : les armoires et tiroirs, la galerie de toit, le rev\u00eatement de sol, le rev\u00eatement de mur, et la signalisation lumineuse (auxquels s&#8217;ajoutent les syst\u00e8mes d&#8217;arrimage, les a\u00e9rations et les rampes).<\/p>\n<p>Plut\u00f4t que de les voir comme un simple catalogue d&#8217;accessoires, le professionnel doit aborder cet am\u00e9nagement comme un v\u00e9ritable audit de productivit\u00e9 reposant sur trois piliers.<\/p>\n<h3>Quel est l&#8217;impact de l&#8217;ergonomie de l&#8217;atelier mobile ?<\/h3>\n<p>Le temps pass\u00e9 \u00e0 chercher une pi\u00e8ce est du temps non factur\u00e9. L&#8217;installation d&#8217;armoires et de tiroirs modulaires compartimente l&#8217;espace. Le technicien acc\u00e8de instantan\u00e9ment \u00e0 sa visserie ou \u00e0 son outillage \u00e9lectroportatif. Un rangement vertical optimise l&#8217;empreinte au sol, permettant de conserver un espace central d\u00e9gag\u00e9 pour les mat\u00e9riaux encombrants.<\/p>\n<h3>Comment \u00e9tendre la capacit\u00e9 tout en pr\u00e9servant la charge utile ?<\/h3>\n<p>Lorsque l&#8217;espace int\u00e9rieur est satur\u00e9, la toiture devient une zone de stockage strat\u00e9gique pour les tuyaux ou les \u00e9chelles. Il est conseill\u00e9 de choisir une galerie de toit en aluminium car il s&#8217;agit d&#8217;un mat\u00e9riau solide et durable, l\u00e9ger mais r\u00e9sistant. Ce choix m\u00e9tallurgique est crucial : en \u00e9conomisant plusieurs dizaines de kilos par rapport \u00e0 l&#8217;acier, l&#8217;aluminium pr\u00e9serve la pr\u00e9cieuse charge utile sous la limite l\u00e9gale des 3,5 tonnes.<\/p>\n<h3>Comment optimiser la long\u00e9vit\u00e9 et la s\u00e9curit\u00e9 du mat\u00e9riel ?<\/h3>\n<p>Les chocs r\u00e9p\u00e9t\u00e9s des outils d\u00e9gradent rapidement la t\u00f4le d&#8217;origine. Les rev\u00eatements de sol (souvent en bois antid\u00e9rapant) et de mur agissent comme un bouclier qui pr\u00e9serve la valeur de revente du v\u00e9hicule. Parall\u00e8lement, la signalisation (gyrophares, bandes r\u00e9fl\u00e9chissantes) s\u00e9curise les interventions sur la voie publique, prot\u00e9geant \u00e0 la fois le personnel et l&#8217;investissement mat\u00e9riel de l&#8217;entreprise.<\/p>\n<h2>Comment L&#8217;Ergonomie Permet-elle de D\u00e9jouer les Centres-Villes ?<\/h2>\n<h3>Pourquoi repenser la g\u00e9om\u00e9trie du chargement lat\u00e9ral ?<\/h3>\n<p>Pour r\u00e9soudre l&#8217;\u00e9quation des livraisons en milieu urbain dense, l&#8217;ing\u00e9nierie se concentre sur l&#8217;acc\u00e8s \u00e0 la cargaison plut\u00f4t que sur le seul allongement de l&#8217;empattement.<\/p>\n<p>Certains mod\u00e8les phares du march\u00e9 illustrent cette approche. \u00c0 titre d&#8217;exemple, le Kangoo Van dispose d&#8217;une ouverture lat\u00e9rale record de 1,45 m et d&#8217;un volume de chargement jusqu&#8217;\u00e0 4,9 m3.<\/p>\n<p>Cette ouverture lat\u00e9rale surdimensionn\u00e9e change la donne. Lorsqu&#8217;un fourgon est gar\u00e9 en cr\u00e9neau entre deux v\u00e9hicules, il est souvent impossible d&#8217;ouvrir les portes arri\u00e8re battantes. Une large porte lat\u00e9rale coulissante permet d&#8217;extraire des objets volumineux, comme des palettes standard ou du mobilier, directement depuis le trottoir, garantissant la s\u00e9curit\u00e9 du livreur et \u00e9vitant le blocage de la circulation.<\/p>\n<h2>Quelles Solutions pour Financer et Prot\u00e9ger son Outil de Travail ?<\/h2>\n<p>La constitution d&#8217;une flotte professionnelle n\u00e9cessite d&#8217;aligner le choix technique avec la strat\u00e9gie fiscale de l&#8217;entreprise. Les constructeurs et acteurs financiers proposent g\u00e9n\u00e9ralement trois options de financement : leasing financier, renting financier et leasing op\u00e9rationnel. Le tableau ci-dessous structure ces mod\u00e8les d&#8217;acquisition pour aider le dirigeant \u00e0 trancher.<\/p>\n<table class=\"wp-table\">\n<tr>\n<th>Mod\u00e8le d&#8217;acquisition<\/th>\n<th>Impact au Bilan Comptable<\/th>\n<th>Gestion des services inclus (Entretien, Assurances)<\/th>\n<th>Propri\u00e9t\u00e9 finale du v\u00e9hicule<\/th>\n<\/tr>\n<tr>\n<td><strong>Leasing Financier<\/strong><\/td>\n<td>Inscrit \u00e0 l&#8217;actif. Amortissement comptable classique.<\/td>\n<td>Non inclus (\u00e0 la charge de l&#8217;entreprise).<\/td>\n<td>Option d&#8217;achat obligatoire (souvent \u2264 15%).<\/td>\n<\/tr>\n<tr>\n<td><strong>Renting Financier<\/strong><\/td>\n<td>Hors bilan (frais g\u00e9n\u00e9raux, loyers d\u00e9ductibles).<\/td>\n<td>Non inclus ou optionnels.<\/td>\n<td>Option d&#8217;achat flexible (souvent \u2265 16%).<\/td>\n<\/tr>\n<tr>\n<td><strong>Leasing Op\u00e9rationnel<\/strong><\/td>\n<td>Hors bilan (location pure).<\/td>\n<td>Totalement inclus (maintenance, pneus, assistance).<\/td>\n<td>Restitution du v\u00e9hicule en fin de contrat.<\/td>\n<\/tr>\n<\/table>\n<h3>Comment s\u00e9curiser son TCO (Total Cost of Ownership) ?<\/h3>\n<p>Au-del\u00e0 de la m\u00e9thode d&#8217;acquisition, la ma\u00eetrise du budget implique d&#8217;\u00e9viter les d\u00e9penses impr\u00e9vues li\u00e9es aux pannes. Les constructeurs adaptent leurs garanties aux kilom\u00e9trages intensifs. Certaines marques, dont Renault avec son programme d\u00e9di\u00e9 aux professionnels, proposent une extension de garantie jusqu&#8217;\u00e0 5 ans et\/ou 200 000 km.<\/p>\n<p>Coupler un renting financier avec une telle extension de garantie permet \u00e0 une PME de figer son co\u00fbt de revient kilom\u00e9trique sur le long terme. Aucune r\u00e9paration majeure ne viendra d\u00e9s\u00e9quilibrer la tr\u00e9sorerie de l&#8217;entreprise pendant toute la dur\u00e9e d&#8217;amortissement de l&#8217;outil de travail.<\/p>\n<h2>Foire Aux Questions (FAQ) sur la Flotte Utilitaire<\/h2>\n<h3>De quelle cat\u00e9gorie de permis de conduire ai-je besoin ?<\/h3>\n<p>Pour la grande majorit\u00e9 des v\u00e9hicules de type fourgon ou camionnette, le permis B classique suffit. La condition l\u00e9gale stricte est que le Poids Total Autoris\u00e9 en Charge (PTAC), incluant le v\u00e9hicule, les passagers et la marchandise, ne d\u00e9passe pas 3 500 kg (3,5 tonnes).<\/p>\n<h3>Quels sont les principes fondateurs d&#8217;un am\u00e9nagement int\u00e9rieur r\u00e9ussi ?<\/h3>\n<p>L&#8217;am\u00e9nagement repose sur la s\u00e9curisation et l&#8217;organisation de l&#8217;espace de chargement. L&#8217;installation de planchers renforc\u00e9s, d&#8217;armoires sur-mesure pour compartimenter l&#8217;outillage, et de syst\u00e8mes d&#8217;arrimage (rails et sangles) en sont les fondations. Il est d&#8217;ailleurs recommand\u00e9 de privil\u00e9gier des mat\u00e9riaux l\u00e9gers pour optimiser la charge utile r\u00e9siduelle du v\u00e9hicule de l&#8217;entreprise.<\/p>\n<h2>Comment \u00c9voluera le V\u00e9hicule Utilitaire Connect\u00e9 ?<\/h2>\n<p>Le v\u00e9hicule utilitaire de la prochaine d\u00e9cennie d\u00e9passe la simple combinaison d&#8217;un volume de stockage et d&#8217;un moteur \u00e9lectrique. Avec l&#8217;int\u00e9gration des protocoles V2G (Vehicle-to-Grid), les flottes professionnelles deviendront des unit\u00e9s de stockage \u00e9nerg\u00e9tique mobiles, capables de restituer l&#8217;\u00e9lectricit\u00e9 au r\u00e9seau ou d&#8217;alimenter directement l&#8217;outillage de chantier sans g\u00e9n\u00e9rateur thermique.<\/p>\n<p>Parall\u00e8lement, la t\u00e9l\u00e9matique embarqu\u00e9e modifie l&#8217;approche op\u00e9rationnelle. L&#8217;analyse algorithmique des donn\u00e9es de roulage permet d\u00e9j\u00e0 de pr\u00e9dire les pannes avant qu&#8217;elles ne surviennent et de red\u00e9finir les tourn\u00e9es de livraison en temps r\u00e9el selon le trafic de la r\u00e9gion bruxelloise. L&#8217;ind\u00e9pendant de demain ne pilotera plus seulement une camionnette, il administrera un n\u0153ud logistique enti\u00e8rement interconnect\u00e9.<\/p>\n<p><script type=\"application\/ld+json\">[{\"@context\": \"https:\/\/schema.org\", \"@type\": \"Article\", \"headline\": \"V\u00e9hicules Utilitaires en Belgique : Comment Am\u00e9nager et Financer l'Outil de Travail Indispensable\", \"description\": \"Des normes LEZ au financement en passant par l'am\u00e9nagement, d\u00e9couvrez comment les ind\u00e9pendants optimisent leur flotte de v\u00e9hicules utilitaires.\", \"wordCount\": 1620, \"inLanguage\": \"fr\", \"url\": \"https:\/\/everydayliving.be\/loutil-indispensable-comment-les-vehicules-utilitaires-faconnent-le-quotidien-professionnel-en-belgique\/\", \"dateModified\": \"2026-07-20T15:13:26.109334+00:00\"}, {\"@context\": \"https:\/\/schema.org\", \"@type\": \"FAQPage\", \"mainEntity\": [{\"@type\": \"Question\", \"name\": \"Pourquoi le Choix d'un Utilitaire est-il Devenu Strat\u00e9gique ?\", \"acceptedAnswer\": {\"@type\": \"Answer\", \"text\": \"<script type=\\\"application\/ld+json\\\">\\n{\\n  \\\"@context\\\": \\\"https:\/\/schema.org\\\",\\n  \\\"@type\\\": \\\"Article\\\",\\n  \\\"about\\\": [\\n    {\\\"@type\\\": \\\"Thing\\\", \\\"name\\\": \\\"V\u00e9hicule utilitaire\\\", \\\"description\\\": \\\"Outil de transport professionnel\\\"},\\n    {\\\"@type\\\": \\\"Thing\\\", \\\"name\\\": \\\"Permis B\\\", \\\"description\\\": \\\"Permis suffisant pour PTAC \u2264 3,5 tonnes\\\"}\\n  ]\\n}\\n<\\\/script>\\nDans l'agitation de notre vie quotidienne, il est facile d'oublier les rouages essentiels qui font tourner notre soci\u00e9t\u00e9. Du plombier qui intervient pour une urgence \u00e0 Namur au livreur de colis qui navigue dans les rues \u00e9troites de Bruxelles, en passant par l'artisan qui r\u00e9nove une fa\u00e7ade \u00e0 Anvers, la fourgonnette est bien plus qu'un moyen de transport.\"}}, {\"@type\": \"Question\", \"name\": \"Quels Sont les Points Cl\u00e9s \u00e0 Retenir pour Votre Flotte ?\", \"acceptedAnswer\": {\"@type\": \"Answer\", \"text\": \"Pour structurer l'acquisition ou le renouvellement de votre flotte, voici les fondamentaux op\u00e9rationnels :\"}}, {\"@type\": \"Question\", \"name\": \"Quel Cadre L\u00e9gal R\u00e9git la Mobilit\u00e9 Professionnelle en Belgique ?\", \"acceptedAnswer\": {\"@type\": \"Answer\", \"text\": \"### Comment s'applique la fronti\u00e8re des 3,5 tonnes ?\"}}, {\"@type\": \"Question\", \"name\": \"Pourquoi la Pression des LEZ Rend-Elle l'\u00c9lectrification In\u00e9vitable ?\", \"acceptedAnswer\": {\"@type\": \"Answer\", \"text\": \"### Comment g\u00e9rer l'acc\u00e8s aux centres-villes ?\"}}, {\"@type\": \"Question\", \"name\": \"Comment Am\u00e9nager un Fourgon pour Maximiser sa Rentabilit\u00e9 ?\", \"acceptedAnswer\": {\"@type\": \"Answer\", \"text\": \"<!-- genre:audience_reframing -->\\nTransformer une zone de chargement vide en un outil fonctionnel exige de la m\u00e9thode. Selon les sp\u00e9cialistes de l'am\u00e9nagement, huit \u00e9l\u00e9ments essentiels composent un v\u00e9hicule utilitaire optimis\u00e9 : les armoires et tiroirs, la galerie de toit, le rev\u00eatement de sol, le rev\u00eatement de mur, et la signalisation lumineuse (auxquels s'ajoutent les syst\u00e8mes d'arrimage, les a\u00e9rations et les rampes).\"}}, {\"@type\": \"Question\", \"name\": \"Comment L'Ergonomie Permet-elle de D\u00e9jouer les Centres-Villes ?\", \"acceptedAnswer\": {\"@type\": \"Answer\", \"text\": \"### Pourquoi repenser la g\u00e9om\u00e9trie du chargement lat\u00e9ral ?\"}}, {\"@type\": \"Question\", \"name\": \"Quelles Solutions pour Financer et Prot\u00e9ger son Outil de Travail ?\", \"acceptedAnswer\": {\"@type\": \"Answer\", \"text\": \"<!-- genre:framework -->\\nLa constitution d'une flotte professionnelle n\u00e9cessite d'aligner le choix technique avec la strat\u00e9gie fiscale de l'entreprise. Les constructeurs et acteurs financiers proposent g\u00e9n\u00e9ralement trois options de financement : leasing financier, renting financier et leasing op\u00e9rationnel. Le tableau ci-dessous structure ces mod\u00e8les d'acquisition pour aider le dirigeant \u00e0 trancher.\"}}, {\"@type\": \"Question\", \"name\": \"De quelle cat\u00e9gorie de permis de conduire ai-je besoin ?\", \"acceptedAnswer\": {\"@type\": \"Answer\", \"text\": \"Pour la grande majorit\u00e9 des v\u00e9hicules de type fourgon ou camionnette, le permis B classique suffit. La condition l\u00e9gale stricte est que le Poids Total Autoris\u00e9 en Charge (PTAC), incluant le v\u00e9hicule, les passagers et la marchandise, ne d\u00e9passe pas 3 500 kg (3,5 tonnes).\"}}, {\"@type\": \"Question\", \"name\": \"Quels sont les principes fondateurs d'un am\u00e9nagement int\u00e9rieur r\u00e9ussi ?\", \"acceptedAnswer\": {\"@type\": \"Answer\", \"text\": \"L'am\u00e9nagement repose sur la s\u00e9curisation et l'organisation de l'espace de chargement. L'installation de planchers renforc\u00e9s, d'armoires sur-mesure pour compartimenter l'outillage, et de syst\u00e8mes d'arrimage (rails et sangles) en sont les fondations. Il est d'ailleurs recommand\u00e9 de privil\u00e9gier des mat\u00e9riaux l\u00e9gers pour optimiser la charge utile r\u00e9siduelle du v\u00e9hicule de l'entreprise.\"}}]}]<\/script><\/p>\n","protected":false},"excerpt":{"rendered":"<p>Pourquoi le Choix d&#8217;un Utilitaire est-il Devenu Strat\u00e9gique ? { &#8220;@context&#8221;: &#8220;https:\/\/schema.org&#8221;, &#8220;@type&#8221;: &#8220;Article&#8221;, &#8220;about&#8221;: [ {&#8220;@type&#8221;: &#8220;Thing&#8221;, &#8220;name&#8221;: &#8220;V\u00e9hicule utilitaire&#8221;, &#8220;description&#8221;: &#8220;Outil de transport professionnel&#8221;}, {&#8220;@type&#8221;: &#8220;Thing&#8221;, &#8220;name&#8221;: &#8220;Permis B&#8221;, &#8220;description&#8221;: &#8220;Permis suffisant pour PTAC \u2264 3,5 tonnes&#8221;} ] } Dans l&#8217;agitation de notre vie quotidienne, il est facile d&#8217;oublier les rouages essentiels qui [&hellip;]<\/p>\n","protected":false},"author":2,"featured_media":1186,"comment_status":"open","ping_status":"open","sticky":false,"template":"","format":"standard","meta":{"inline_featured_image":false,"footnotes":""},"categories":[12],"tags":[],"class_list":["post-1185","post","type-post","status-publish","format-standard","has-post-thumbnail","hentry","category-culture-et-loisir"],"yoast_head":"<!-- This site is optimized with the Yoast SEO plugin v24.6 - https:\/\/yoast.com\/wordpress\/plugins\/seo\/ -->\n<title>L&#039;Outil Indispensable : Comment les V\u00e9hicules Utilitaires Fa\u00e7onnent le Quotidien Professionnel en Belgique - EverydayLiving - Embrace the Extraordinary<\/title>\n<meta name=\"robots\" content=\"index, follow, max-snippet:-1, max-image-preview:large, max-video-preview:-1\" \/>\n<link rel=\"canonical\" href=\"https:\/\/everydayliving.be\/en\/loutil-indispensable-comment-les-vehicules-utilitaires-faconnent-le-quotidien-professionnel-en-belgique\/\" \/>\n<meta property=\"og:locale\" content=\"en_US\" \/>\n<meta property=\"og:type\" content=\"article\" \/>\n<meta property=\"og:title\" content=\"L&#039;Outil Indispensable : Comment les V\u00e9hicules Utilitaires Fa\u00e7onnent le Quotidien Professionnel en Belgique - EverydayLiving - Embrace the Extraordinary\" \/>\n<meta property=\"og:description\" content=\"Pourquoi le Choix d&#8217;un Utilitaire est-il Devenu Strat\u00e9gique ? { &#8220;@context&#8221;: &#8220;https:\/\/schema.org&#8221;, &#8220;@type&#8221;: &#8220;Article&#8221;, &#8220;about&#8221;: [ {&#8220;@type&#8221;: &#8220;Thing&#8221;, &#8220;name&#8221;: &#8220;V\u00e9hicule utilitaire&#8221;, &#8220;description&#8221;: &#8220;Outil de transport professionnel&#8221;}, {&#8220;@type&#8221;: &#8220;Thing&#8221;, &#8220;name&#8221;: &#8220;Permis B&#8221;, &#8220;description&#8221;: &#8220;Permis suffisant pour PTAC \u2264 3,5 tonnes&#8221;} ] } Dans l&#8217;agitation de notre vie quotidienne, il est facile d&#8217;oublier les rouages essentiels qui [&hellip;]\" \/>\n<meta property=\"og:url\" content=\"https:\/\/everydayliving.be\/en\/loutil-indispensable-comment-les-vehicules-utilitaires-faconnent-le-quotidien-professionnel-en-belgique\/\" \/>\n<meta property=\"og:site_name\" content=\"EverydayLiving - Embrace the Extraordinary\" \/>\n<meta property=\"article:published_time\" content=\"2025-11-21T09:16:35+00:00\" \/>\n<meta property=\"article:modified_time\" content=\"2026-07-20T15:18:46+00:00\" \/>\n<meta property=\"og:image\" content=\"https:\/\/everydayliving.be\/wp-content\/uploads\/2025\/11\/fabianct__LOutil_Indispensable__Comment_les_Vehicules_Utilitair_0fd394c7-00d2-4cbd-b8e2-c42264a191c3.webp\" \/>\n\t<meta property=\"og:image:width\" content=\"1310\" \/>\n\t<meta property=\"og:image:height\" content=\"873\" \/>\n\t<meta property=\"og:image:type\" content=\"image\/webp\" \/>\n<meta name=\"author\" content=\"info@kwizera.bi\" \/>\n<meta name=\"twitter:card\" content=\"summary_large_image\" \/>\n<meta name=\"twitter:label1\" content=\"Written by\" \/>\n\t<meta name=\"twitter:data1\" content=\"info@kwizera.bi\" \/>\n\t<meta name=\"twitter:label2\" content=\"Est. reading time\" \/>\n\t<meta name=\"twitter:data2\" content=\"4 minutes\" \/>\n<script type=\"application\/ld+json\" class=\"yoast-schema-graph\">{\"@context\":\"https:\/\/schema.org\",\"@graph\":[{\"@type\":\"Article\",\"@id\":\"https:\/\/everydayliving.be\/en\/loutil-indispensable-comment-les-vehicules-utilitaires-faconnent-le-quotidien-professionnel-en-belgique\/#article\",\"isPartOf\":{\"@id\":\"https:\/\/everydayliving.be\/en\/loutil-indispensable-comment-les-vehicules-utilitaires-faconnent-le-quotidien-professionnel-en-belgique\/\"},\"author\":{\"name\":\"info@kwizera.bi\",\"@id\":\"https:\/\/everydayliving.be\/en\/#\/schema\/person\/4971304cf7ea2deed717b970613b2507\"},\"headline\":\"L&#8217;Outil Indispensable : Comment les V\u00e9hicules Utilitaires Fa\u00e7onnent le Quotidien Professionnel en Belgique\",\"datePublished\":\"2025-11-21T09:16:35+00:00\",\"dateModified\":\"2026-07-20T15:18:46+00:00\",\"mainEntityOfPage\":{\"@id\":\"https:\/\/everydayliving.be\/en\/loutil-indispensable-comment-les-vehicules-utilitaires-faconnent-le-quotidien-professionnel-en-belgique\/\"},\"wordCount\":1896,\"commentCount\":0,\"publisher\":{\"@id\":\"https:\/\/everydayliving.be\/en\/#organization\"},\"image\":{\"@id\":\"https:\/\/everydayliving.be\/en\/loutil-indispensable-comment-les-vehicules-utilitaires-faconnent-le-quotidien-professionnel-en-belgique\/#primaryimage\"},\"thumbnailUrl\":\"https:\/\/everydayliving.be\/wp-content\/uploads\/2025\/11\/fabianct__LOutil_Indispensable__Comment_les_Vehicules_Utilitair_0fd394c7-00d2-4cbd-b8e2-c42264a191c3.webp\",\"articleSection\":[\"Culture et loisir\"],\"inLanguage\":\"en-US\",\"potentialAction\":[{\"@type\":\"CommentAction\",\"name\":\"Comment\",\"target\":[\"https:\/\/everydayliving.be\/en\/loutil-indispensable-comment-les-vehicules-utilitaires-faconnent-le-quotidien-professionnel-en-belgique\/#respond\"]}]},{\"@type\":\"WebPage\",\"@id\":\"https:\/\/everydayliving.be\/en\/loutil-indispensable-comment-les-vehicules-utilitaires-faconnent-le-quotidien-professionnel-en-belgique\/\",\"url\":\"https:\/\/everydayliving.be\/en\/loutil-indispensable-comment-les-vehicules-utilitaires-faconnent-le-quotidien-professionnel-en-belgique\/\",\"name\":\"L'Outil Indispensable : Comment les V\u00e9hicules Utilitaires Fa\u00e7onnent le Quotidien Professionnel en Belgique - EverydayLiving - Embrace the Extraordinary\",\"isPartOf\":{\"@id\":\"https:\/\/everydayliving.be\/en\/#website\"},\"primaryImageOfPage\":{\"@id\":\"https:\/\/everydayliving.be\/en\/loutil-indispensable-comment-les-vehicules-utilitaires-faconnent-le-quotidien-professionnel-en-belgique\/#primaryimage\"},\"image\":{\"@id\":\"https:\/\/everydayliving.be\/en\/loutil-indispensable-comment-les-vehicules-utilitaires-faconnent-le-quotidien-professionnel-en-belgique\/#primaryimage\"},\"thumbnailUrl\":\"https:\/\/everydayliving.be\/wp-content\/uploads\/2025\/11\/fabianct__LOutil_Indispensable__Comment_les_Vehicules_Utilitair_0fd394c7-00d2-4cbd-b8e2-c42264a191c3.webp\",\"datePublished\":\"2025-11-21T09:16:35+00:00\",\"dateModified\":\"2026-07-20T15:18:46+00:00\",\"breadcrumb\":{\"@id\":\"https:\/\/everydayliving.be\/en\/loutil-indispensable-comment-les-vehicules-utilitaires-faconnent-le-quotidien-professionnel-en-belgique\/#breadcrumb\"},\"inLanguage\":\"en-US\",\"potentialAction\":[{\"@type\":\"ReadAction\",\"target\":[\"https:\/\/everydayliving.be\/en\/loutil-indispensable-comment-les-vehicules-utilitaires-faconnent-le-quotidien-professionnel-en-belgique\/\"]}]},{\"@type\":\"ImageObject\",\"inLanguage\":\"en-US\",\"@id\":\"https:\/\/everydayliving.be\/en\/loutil-indispensable-comment-les-vehicules-utilitaires-faconnent-le-quotidien-professionnel-en-belgique\/#primaryimage\",\"url\":\"https:\/\/everydayliving.be\/wp-content\/uploads\/2025\/11\/fabianct__LOutil_Indispensable__Comment_les_Vehicules_Utilitair_0fd394c7-00d2-4cbd-b8e2-c42264a191c3.webp\",\"contentUrl\":\"https:\/\/everydayliving.be\/wp-content\/uploads\/2025\/11\/fabianct__LOutil_Indispensable__Comment_les_Vehicules_Utilitair_0fd394c7-00d2-4cbd-b8e2-c42264a191c3.webp\",\"width\":1310,\"height\":873,\"caption\":\"\u00e9hicules Utilitaires\"},{\"@type\":\"BreadcrumbList\",\"@id\":\"https:\/\/everydayliving.be\/en\/loutil-indispensable-comment-les-vehicules-utilitaires-faconnent-le-quotidien-professionnel-en-belgique\/#breadcrumb\",\"itemListElement\":[{\"@type\":\"ListItem\",\"position\":1,\"name\":\"Home\",\"item\":\"https:\/\/everydayliving.be\/en\/\"},{\"@type\":\"ListItem\",\"position\":2,\"name\":\"L&#8217;Outil Indispensable : Comment les V\u00e9hicules Utilitaires Fa\u00e7onnent le Quotidien Professionnel en Belgique\"}]},{\"@type\":\"WebSite\",\"@id\":\"https:\/\/everydayliving.be\/en\/#website\",\"url\":\"https:\/\/everydayliving.be\/en\/\",\"name\":\"EverydayLiving - Embrace the Extraordinary\",\"description\":\"\",\"publisher\":{\"@id\":\"https:\/\/everydayliving.be\/en\/#organization\"},\"potentialAction\":[{\"@type\":\"SearchAction\",\"target\":{\"@type\":\"EntryPoint\",\"urlTemplate\":\"https:\/\/everydayliving.be\/en\/?s={search_term_string}\"},\"query-input\":{\"@type\":\"PropertyValueSpecification\",\"valueRequired\":true,\"valueName\":\"search_term_string\"}}],\"inLanguage\":\"en-US\"},{\"@type\":\"Organization\",\"@id\":\"https:\/\/everydayliving.be\/en\/#organization\",\"name\":\"EverydayLiving - Embrace the Extraordinary\",\"url\":\"https:\/\/everydayliving.be\/en\/\",\"logo\":{\"@type\":\"ImageObject\",\"inLanguage\":\"en-US\",\"@id\":\"https:\/\/everydayliving.be\/en\/#\/schema\/logo\/image\/\",\"url\":\"https:\/\/everydayliving.be\/wp-content\/uploads\/2024\/11\/Rima-Reyes-1-1-removebg-preview.png\",\"contentUrl\":\"https:\/\/everydayliving.be\/wp-content\/uploads\/2024\/11\/Rima-Reyes-1-1-removebg-preview.png\",\"width\":500,\"height\":500,\"caption\":\"EverydayLiving - Embrace the Extraordinary\"},\"image\":{\"@id\":\"https:\/\/everydayliving.be\/en\/#\/schema\/logo\/image\/\"}},{\"@type\":\"Person\",\"@id\":\"https:\/\/everydayliving.be\/en\/#\/schema\/person\/4971304cf7ea2deed717b970613b2507\",\"name\":\"info@kwizera.bi\",\"image\":{\"@type\":\"ImageObject\",\"inLanguage\":\"en-US\",\"@id\":\"https:\/\/everydayliving.be\/en\/#\/schema\/person\/image\/\",\"url\":\"https:\/\/secure.gravatar.com\/avatar\/4b255983682351b7e77d4eac407a99eba8ae0c62610677afbc95111e673d4af9?s=96&d=mm&r=g\",\"contentUrl\":\"https:\/\/secure.gravatar.com\/avatar\/4b255983682351b7e77d4eac407a99eba8ae0c62610677afbc95111e673d4af9?s=96&d=mm&r=g\",\"caption\":\"info@kwizera.bi\"},\"url\":\"https:\/\/everydayliving.be\/en\/author\/infokwizera-bi\/\"}]}<\/script>\n<!-- \/ Yoast SEO plugin. -->","yoast_head_json":{"title":"L'Outil Indispensable : Comment les V\u00e9hicules Utilitaires Fa\u00e7onnent le Quotidien Professionnel en Belgique - EverydayLiving - Embrace the Extraordinary","robots":{"index":"index","follow":"follow","max-snippet":"max-snippet:-1","max-image-preview":"max-image-preview:large","max-video-preview":"max-video-preview:-1"},"canonical":"https:\/\/everydayliving.be\/en\/loutil-indispensable-comment-les-vehicules-utilitaires-faconnent-le-quotidien-professionnel-en-belgique\/","og_locale":"en_US","og_type":"article","og_title":"L'Outil Indispensable : Comment les V\u00e9hicules Utilitaires Fa\u00e7onnent le Quotidien Professionnel en Belgique - EverydayLiving - Embrace the Extraordinary","og_description":"Pourquoi le Choix d&#8217;un Utilitaire est-il Devenu Strat\u00e9gique ? { &#8220;@context&#8221;: &#8220;https:\/\/schema.org&#8221;, &#8220;@type&#8221;: &#8220;Article&#8221;, &#8220;about&#8221;: [ {&#8220;@type&#8221;: &#8220;Thing&#8221;, &#8220;name&#8221;: &#8220;V\u00e9hicule utilitaire&#8221;, &#8220;description&#8221;: &#8220;Outil de transport professionnel&#8221;}, {&#8220;@type&#8221;: &#8220;Thing&#8221;, &#8220;name&#8221;: &#8220;Permis B&#8221;, &#8220;description&#8221;: &#8220;Permis suffisant pour PTAC \u2264 3,5 tonnes&#8221;} ] } Dans l&#8217;agitation de notre vie quotidienne, il est facile d&#8217;oublier les rouages essentiels qui [&hellip;]","og_url":"https:\/\/everydayliving.be\/en\/loutil-indispensable-comment-les-vehicules-utilitaires-faconnent-le-quotidien-professionnel-en-belgique\/","og_site_name":"EverydayLiving - Embrace the Extraordinary","article_published_time":"2025-11-21T09:16:35+00:00","article_modified_time":"2026-07-20T15:18:46+00:00","og_image":[{"width":1310,"height":873,"url":"https:\/\/everydayliving.be\/wp-content\/uploads\/2025\/11\/fabianct__LOutil_Indispensable__Comment_les_Vehicules_Utilitair_0fd394c7-00d2-4cbd-b8e2-c42264a191c3.webp","type":"image\/webp"}],"author":"info@kwizera.bi","twitter_card":"summary_large_image","twitter_misc":{"Written by":"info@kwizera.bi","Est. reading time":"4 minutes"},"schema":{"@context":"https:\/\/schema.org","@graph":[{"@type":"Article","@id":"https:\/\/everydayliving.be\/en\/loutil-indispensable-comment-les-vehicules-utilitaires-faconnent-le-quotidien-professionnel-en-belgique\/#article","isPartOf":{"@id":"https:\/\/everydayliving.be\/en\/loutil-indispensable-comment-les-vehicules-utilitaires-faconnent-le-quotidien-professionnel-en-belgique\/"},"author":{"name":"info@kwizera.bi","@id":"https:\/\/everydayliving.be\/en\/#\/schema\/person\/4971304cf7ea2deed717b970613b2507"},"headline":"L&#8217;Outil Indispensable : Comment les V\u00e9hicules Utilitaires Fa\u00e7onnent le Quotidien Professionnel en Belgique","datePublished":"2025-11-21T09:16:35+00:00","dateModified":"2026-07-20T15:18:46+00:00","mainEntityOfPage":{"@id":"https:\/\/everydayliving.be\/en\/loutil-indispensable-comment-les-vehicules-utilitaires-faconnent-le-quotidien-professionnel-en-belgique\/"},"wordCount":1896,"commentCount":0,"publisher":{"@id":"https:\/\/everydayliving.be\/en\/#organization"},"image":{"@id":"https:\/\/everydayliving.be\/en\/loutil-indispensable-comment-les-vehicules-utilitaires-faconnent-le-quotidien-professionnel-en-belgique\/#primaryimage"},"thumbnailUrl":"https:\/\/everydayliving.be\/wp-content\/uploads\/2025\/11\/fabianct__LOutil_Indispensable__Comment_les_Vehicules_Utilitair_0fd394c7-00d2-4cbd-b8e2-c42264a191c3.webp","articleSection":["Culture et loisir"],"inLanguage":"en-US","potentialAction":[{"@type":"CommentAction","name":"Comment","target":["https:\/\/everydayliving.be\/en\/loutil-indispensable-comment-les-vehicules-utilitaires-faconnent-le-quotidien-professionnel-en-belgique\/#respond"]}]},{"@type":"WebPage","@id":"https:\/\/everydayliving.be\/en\/loutil-indispensable-comment-les-vehicules-utilitaires-faconnent-le-quotidien-professionnel-en-belgique\/","url":"https:\/\/everydayliving.be\/en\/loutil-indispensable-comment-les-vehicules-utilitaires-faconnent-le-quotidien-professionnel-en-belgique\/","name":"L'Outil Indispensable : Comment les V\u00e9hicules Utilitaires Fa\u00e7onnent le Quotidien Professionnel en Belgique - EverydayLiving - Embrace the Extraordinary","isPartOf":{"@id":"https:\/\/everydayliving.be\/en\/#website"},"primaryImageOfPage":{"@id":"https:\/\/everydayliving.be\/en\/loutil-indispensable-comment-les-vehicules-utilitaires-faconnent-le-quotidien-professionnel-en-belgique\/#primaryimage"},"image":{"@id":"https:\/\/everydayliving.be\/en\/loutil-indispensable-comment-les-vehicules-utilitaires-faconnent-le-quotidien-professionnel-en-belgique\/#primaryimage"},"thumbnailUrl":"https:\/\/everydayliving.be\/wp-content\/uploads\/2025\/11\/fabianct__LOutil_Indispensable__Comment_les_Vehicules_Utilitair_0fd394c7-00d2-4cbd-b8e2-c42264a191c3.webp","datePublished":"2025-11-21T09:16:35+00:00","dateModified":"2026-07-20T15:18:46+00:00","breadcrumb":{"@id":"https:\/\/everydayliving.be\/en\/loutil-indispensable-comment-les-vehicules-utilitaires-faconnent-le-quotidien-professionnel-en-belgique\/#breadcrumb"},"inLanguage":"en-US","potentialAction":[{"@type":"ReadAction","target":["https:\/\/everydayliving.be\/en\/loutil-indispensable-comment-les-vehicules-utilitaires-faconnent-le-quotidien-professionnel-en-belgique\/"]}]},{"@type":"ImageObject","inLanguage":"en-US","@id":"https:\/\/everydayliving.be\/en\/loutil-indispensable-comment-les-vehicules-utilitaires-faconnent-le-quotidien-professionnel-en-belgique\/#primaryimage","url":"https:\/\/everydayliving.be\/wp-content\/uploads\/2025\/11\/fabianct__LOutil_Indispensable__Comment_les_Vehicules_Utilitair_0fd394c7-00d2-4cbd-b8e2-c42264a191c3.webp","contentUrl":"https:\/\/everydayliving.be\/wp-content\/uploads\/2025\/11\/fabianct__LOutil_Indispensable__Comment_les_Vehicules_Utilitair_0fd394c7-00d2-4cbd-b8e2-c42264a191c3.webp","width":1310,"height":873,"caption":"\u00e9hicules Utilitaires"},{"@type":"BreadcrumbList","@id":"https:\/\/everydayliving.be\/en\/loutil-indispensable-comment-les-vehicules-utilitaires-faconnent-le-quotidien-professionnel-en-belgique\/#breadcrumb","itemListElement":[{"@type":"ListItem","position":1,"name":"Home","item":"https:\/\/everydayliving.be\/en\/"},{"@type":"ListItem","position":2,"name":"L&#8217;Outil Indispensable : Comment les V\u00e9hicules Utilitaires Fa\u00e7onnent le Quotidien Professionnel en Belgique"}]},{"@type":"WebSite","@id":"https:\/\/everydayliving.be\/en\/#website","url":"https:\/\/everydayliving.be\/en\/","name":"EverydayLiving - Embrace the Extraordinary","description":"","publisher":{"@id":"https:\/\/everydayliving.be\/en\/#organization"},"potentialAction":[{"@type":"SearchAction","target":{"@type":"EntryPoint","urlTemplate":"https:\/\/everydayliving.be\/en\/?s={search_term_string}"},"query-input":{"@type":"PropertyValueSpecification","valueRequired":true,"valueName":"search_term_string"}}],"inLanguage":"en-US"},{"@type":"Organization","@id":"https:\/\/everydayliving.be\/en\/#organization","name":"EverydayLiving - Embrace the Extraordinary","url":"https:\/\/everydayliving.be\/en\/","logo":{"@type":"ImageObject","inLanguage":"en-US","@id":"https:\/\/everydayliving.be\/en\/#\/schema\/logo\/image\/","url":"https:\/\/everydayliving.be\/wp-content\/uploads\/2024\/11\/Rima-Reyes-1-1-removebg-preview.png","contentUrl":"https:\/\/everydayliving.be\/wp-content\/uploads\/2024\/11\/Rima-Reyes-1-1-removebg-preview.png","width":500,"height":500,"caption":"EverydayLiving - Embrace the Extraordinary"},"image":{"@id":"https:\/\/everydayliving.be\/en\/#\/schema\/logo\/image\/"}},{"@type":"Person","@id":"https:\/\/everydayliving.be\/en\/#\/schema\/person\/4971304cf7ea2deed717b970613b2507","name":"info@kwizera.bi","image":{"@type":"ImageObject","inLanguage":"en-US","@id":"https:\/\/everydayliving.be\/en\/#\/schema\/person\/image\/","url":"https:\/\/secure.gravatar.com\/avatar\/4b255983682351b7e77d4eac407a99eba8ae0c62610677afbc95111e673d4af9?s=96&d=mm&r=g","contentUrl":"https:\/\/secure.gravatar.com\/avatar\/4b255983682351b7e77d4eac407a99eba8ae0c62610677afbc95111e673d4af9?s=96&d=mm&r=g","caption":"info@kwizera.bi"},"url":"https:\/\/everydayliving.be\/en\/author\/infokwizera-bi\/"}]}},"_links":{"self":[{"href":"https:\/\/everydayliving.be\/en\/wp-json\/wp\/v2\/posts\/1185","targetHints":{"allow":["GET"]}}],"collection":[{"href":"https:\/\/everydayliving.be\/en\/wp-json\/wp\/v2\/posts"}],"about":[{"href":"https:\/\/everydayliving.be\/en\/wp-json\/wp\/v2\/types\/post"}],"author":[{"embeddable":true,"href":"https:\/\/everydayliving.be\/en\/wp-json\/wp\/v2\/users\/2"}],"replies":[{"embeddable":true,"href":"https:\/\/everydayliving.be\/en\/wp-json\/wp\/v2\/comments?post=1185"}],"version-history":[{"count":0,"href":"https:\/\/everydayliving.be\/en\/wp-json\/wp\/v2\/posts\/1185\/revisions"}],"wp:featuredmedia":[{"embeddable":true,"href":"https:\/\/everydayliving.be\/en\/wp-json\/wp\/v2\/media\/1186"}],"wp:attachment":[{"href":"https:\/\/everydayliving.be\/en\/wp-json\/wp\/v2\/media?parent=1185"}],"wp:term":[{"taxonomy":"category","embeddable":true,"href":"https:\/\/everydayliving.be\/en\/wp-json\/wp\/v2\/categories?post=1185"},{"taxonomy":"post_tag","embeddable":true,"href":"https:\/\/everydayliving.be\/en\/wp-json\/wp\/v2\/tags?post=1185"}],"curies":[{"name":"wp","href":"https:\/\/api.w.org\/{rel}","templated":true}]}}