{"id":1175,"date":"2025-08-12T06:31:14","date_gmt":"2025-08-12T06:31:14","guid":{"rendered":"https:\/\/everydayliving.be\/?p=1175"},"modified":"2026-07-17T19:28:47","modified_gmt":"2026-07-17T19:28:47","slug":"comment-definir-la-voix-de-sa-marque-sur-les-reseaux-sociaux","status":"publish","type":"post","link":"https:\/\/everydayliving.be\/en\/comment-definir-la-voix-de-sa-marque-sur-les-reseaux-sociaux\/","title":{"rendered":"Comment D\u00e9finir la &#8220;Voix&#8221; de sa Marque sur les R\u00e9seaux Sociaux ?"},"content":{"rendered":"<h2>Comment la Voix de Marque D\u00e9passe-t-elle l&#8217;Esth\u00e9tique pour Devenir un Actif Financier ?<\/h2>\n<p>Sur les r\u00e9seaux sociaux, la comp\u00e9tition pour capter l&#8217;attention ne se joue plus uniquement sur l&#8217;esth\u00e9tique visuelle. Un logo soign\u00e9 et une charte graphique harmonieuse constituent un socle de base incontournable. Toutefois, ces \u00e9l\u00e9ments de design ne suffisent plus \u00e0 retenir une audience expos\u00e9e \u00e0 des milliers de sollicitations quotidiennes. La v\u00e9ritable diff\u00e9renciation repose d\u00e9sormais sur un actif immat\u00e9riel strat\u00e9gique : la personnalit\u00e9 de la marque, commun\u00e9ment appel\u00e9e sa &#8220;voix&#8221;.<\/p>\n<p>Longtemps rel\u00e9gu\u00e9e au rang de simple exercice cr\u00e9atif destin\u00e9 aux community managers, la d\u00e9finition de cette identit\u00e9 textuelle et conversationnelle est aujourd&#8217;hui un moteur de performance commerciale prouv\u00e9. Selon une analyse publi\u00e9e par Qualtrics sur la strat\u00e9gie de marque, 86 % des consommateurs affirment que l&#8217;authenticit\u00e9 constitue un crit\u00e8re primordial lors de leur d\u00e9cision de soutenir une entreprise et de s&#8217;engager aupr\u00e8s d&#8217;elle.<\/p>\n<p>Le public, qu&#8217;il soit B2B ou B2C, ne cherche plus des discours lisses ou des argumentaires standardis\u00e9s. Il attend une entit\u00e9 \u00e0 laquelle il peut s&#8217;identifier, dot\u00e9e de convictions et d&#8217;une mani\u00e8re de s&#8217;exprimer reconnaissable entre mille. Trouver sa voix revient donc \u00e0 structurer la fa\u00e7on dont une entreprise communique ses valeurs, le registre lexical qu&#8217;elle emploie et la posture qu&#8217;elle adopte face \u00e0 son march\u00e9. C&#8217;est le passage indispensable d&#8217;une communication purement descriptive \u00e0 une communication relationnelle, capable d&#8217;instaurer une confiance durable et de fid\u00e9liser une client\u00e8le satur\u00e9e par la publicit\u00e9 traditionnelle.<\/p>\n<h2>Quels sont les Points Cl\u00e9s \u00e0 Retenir sur la Voix de Marque ?<\/h2>\n<p>Afin d&#8217;aborder efficacement la strat\u00e9gie conversationnelle, voici les fondements principaux \u00e0 ma\u00eetriser :<\/p>\n<ul>\n<li><strong>Rentabilit\u00e9 de la coh\u00e9rence<\/strong> : Une pr\u00e9sentation harmonis\u00e9e de votre identit\u00e9 de marque sur tous les canaux peut g\u00e9n\u00e9rer une croissance mesurable, avec un potentiel de hausse des revenus chiffr\u00e9 \u00e0 33 %.<\/li>\n<li><strong>Distinction fondamentale<\/strong> : La &#8220;voix&#8221; incarne la personnalit\u00e9 durable de l&#8217;entreprise (constante), tandis que le &#8220;ton&#8221; est l&#8217;humeur temporaire adopt\u00e9e selon le contexte (variable).<\/li>\n<li><strong>M\u00e9thodologie d&#8217;audit<\/strong> : L&#8217;\u00e9valuation d&#8217;une voix existante repose sur l&#8217;analyse des publications les plus performantes et leur alignement avec le vocabulaire r\u00e9el de l&#8217;audience cible.<\/li>\n<li><strong>Standardisation op\u00e9rationnelle<\/strong> : La cr\u00e9ation d&#8217;un guide de style \u00e9ditorial document\u00e9 est indispensable pour maintenir cette identit\u00e9 intacte lorsque plusieurs collaborateurs prennent la parole.<\/li>\n<li><strong>Le risque de l&#8217;inauthenticit\u00e9<\/strong> : Attention toutefois \u00e0 ne pas imposer une standardisation trop rigide. La voix doit conserver un naturel et une flexibilit\u00e9 humaine pour ne pas sembler robotique.<\/li>\n<\/ul>\n<h2>Pourquoi la Coh\u00e9rence de Marque Peut-elle Booster Vos Revenus de 33 % ?<\/h2>\n<p>Pour comprendre l&#8217;impact d&#8217;une strat\u00e9gie conversationnelle, il faut examiner l&#8217;aspect psychologique et financier de la coh\u00e9rence de marque.<\/p>\n<h3>La psychologie de la reconnaissance<\/h3>\n<p>L&#8217;investissement dans la formalisation d&#8217;une ligne \u00e9ditoriale pr\u00e9cise d\u00e9passe largement le confort organisationnel des \u00e9quipes marketing. Il s&#8217;agit de cr\u00e9er des points de rep\u00e8re cognitifs forts pour les clients potentiels.<\/p>\n<p>Lorsqu&#8217;une marque s&#8217;exprime avec la m\u00eame personnalit\u00e9 sur LinkedIn, dans ses newsletters ou sur la page d&#8217;accueil de son site web, elle exploite l&#8217;effet psychologique de simple exposition. Une voix famili\u00e8re r\u00e9duit consid\u00e9rablement la friction lors du parcours d&#8217;achat, car l&#8217;utilisateur a l&#8217;impression d&#8217;interagir avec une entit\u00e9 qu&#8217;il conna\u00eet et ma\u00eetrise d\u00e9j\u00e0.<\/p>\n<h3>L&#8217;impact financier direct de l&#8217;uniformit\u00e9<\/h3>\n<p>Cette familiarit\u00e9 se traduit par des indicateurs commerciaux tangibles sur les bilans financiers. D&#8217;apr\u00e8s une \u00e9tude d&#8217;Oberlo cit\u00e9e par Qualtrics sur la recherche strat\u00e9gique, en pr\u00e9sentant votre offre et votre marque de mani\u00e8re coh\u00e9rente, vous pouvez esp\u00e9rer une augmentation de revenu allant jusqu\u2019\u00e0 33 %.<\/p>\n<p>Cette statistique illustre parfaitement la transition de la voix de marque : d&#8217;un simple concept li\u00e9 au design, elle devient un v\u00e9ritable centre de profit.<\/p>\n<h3>La r\u00e9duction de la dissonance cognitive<\/h3>\n<p>Lorsque les messages sont disjoints (par exemple, un compte Instagram extr\u00eamement familier et humoristique contrastant avec un service client rigide, impersonnel et proc\u00e9durier), la dissonance cognitive provoque un sentiment de m\u00e9fiance imm\u00e9diat. Le consommateur per\u00e7oit un manque de fiabilit\u00e9 syst\u00e9mique.<\/p>\n<p>En standardisant rigoureusement la voix de la marque, l&#8217;entreprise s&#8217;assure que chaque point de contact confirme la promesse initiale. L&#8217;audience sait exactement \u00e0 quoi s&#8217;attendre \u00e0 chaque interaction, ce qui favorise non seulement le taux de conversion initial, mais renforce surtout la r\u00e9tention \u00e0 long terme.<\/p>\n<h2>Voix vs Ton : Quelle est la Vraie Diff\u00e9rence ?<\/h2>\n<p>Pour bien d\u00e9ployer sa strat\u00e9gie, il est vital de distinguer deux concepts proches mais diff\u00e9rents.<\/p>\n<h3>La constante et la variable<\/h3>\n<p>L&#8217;une des confusions s\u00e9mantiques les plus fr\u00e9quentes en strat\u00e9gie social media consiste \u00e0 utiliser les termes &#8220;voix&#8221; et &#8220;ton&#8221; de mani\u00e8re interchangeable. Pourtant, leur fonction op\u00e9rationnelle est strictement distincte. Comme le pr\u00e9cise Qualtrics dans ses travaux sur la gestion de marque, la personnalit\u00e9 est un \u00e9l\u00e9ment durable qui d\u00e9finit une marque ou m\u00eame une personne.<\/p>\n<p>\u00c0 l&#8217;inverse, le ton est modulaire : il peut varier d\u2019une situation \u00e0 l\u2019autre et s\u2019adapte syst\u00e9matiquement aux interlocuteurs ou au niveau de gravit\u00e9 du contexte imm\u00e9diat.<\/p>\n<h3>L&#8217;analogie des interactions humaines<\/h3>\n<p>Pour visualiser cette nuance strat\u00e9gique, il est utile de penser aux interactions humaines quotidiennes. Votre personnalit\u00e9 globale (introverti, analytique, optimiste) ne change pas selon la pi\u00e8ce dans laquelle vous vous trouvez. C&#8217;est votre voix.<\/p>\n<p>En revanche, vous n&#8217;utilisez pas le m\u00eame ton pour annoncer une erreur technique complexe \u00e0 un sup\u00e9rieur ou pour c\u00e9l\u00e9brer l&#8217;acquisition d&#8217;un nouveau march\u00e9 avec vos coll\u00e8gues.<\/p>\n<h3>Tableau d&#8217;application : Voix fixe, Tons multiples<\/h3>\n<p>Le tableau ci-dessous d\u00e9montre comment une entreprise technologique fictive (dont la <em>Voix<\/em> est d\u00e9finie comme &#8220;Experte, rassurante et pragmatique&#8221;) module son <em>Ton<\/em> face \u00e0 trois situations professionnelles courantes, sans jamais trahir sa personnalit\u00e9 fondatrice.<\/p>\n<table class=\"wp-table\">\n<tr>\n<th>Contexte de Communication<\/th>\n<th>Maintien de la Voix (La Constante)<\/th>\n<th>Adaptation du Ton (La Variable)<\/th>\n<th>Exemple d&#8217;Application Concr\u00e8te sur les R\u00e9seaux<\/th>\n<\/tr>\n<tr>\n<td><strong>Service Client (Requ\u00eate)<\/strong><\/td>\n<td>Experte, rassurante, pragmatique<\/td>\n<td>Empathique, patient, didactique<\/td>\n<td>&#8220;Nous comprenons le blocage rencontr\u00e9. Voici trois \u00e9tapes claires pour relancer votre interface logicielle en toute s\u00e9curit\u00e9.&#8221;<\/td>\n<\/tr>\n<tr>\n<td><strong>Gestion de Crise (Panne)<\/strong><\/td>\n<td>Experte, rassurante, pragmatique<\/td>\n<td>S\u00e9rieux, transparent, factuel<\/td>\n<td>&#8220;Nos serveurs centraux sont interrompus. Nos ing\u00e9nieurs interviennent actuellement. Prochain point d&#8217;\u00e9tape pr\u00e9vu \u00e0 14h00.&#8221;<\/td>\n<\/tr>\n<tr>\n<td><strong>Lancement de Produit<\/strong><\/td>\n<td>Experte, rassurante, pragmatique<\/td>\n<td>Dynamique, confiant, engageant<\/td>\n<td>&#8220;D\u00e9couvrez d\u00e8s aujourd&#8217;hui la nouvelle fonctionnalit\u00e9 con\u00e7ue pour automatiser vos t\u00e2ches comptables les plus complexes.&#8221;<\/td>\n<\/tr>\n<\/table>\n<p>La ma\u00eetrise tactique de cette dualit\u00e9 permet aux \u00e9quipes de community management de faire preuve d&#8217;une grande flexibilit\u00e9 contextuelle sans jamais risquer la dilution de l&#8217;identit\u00e9 globale de l&#8217;entreprise.<\/p>\n<h2>Comment Auditer sa Voix Actuelle ? (Le Framework d&#8217;Analyse)<\/h2>\n<p>Avant de d\u00e9finir une nouvelle ligne \u00e9ditoriale, il est crucial d&#8217;analyser l&#8217;existant avec pr\u00e9cision.<\/p>\n<h3>L&#8217;\u00e9valuation bas\u00e9e sur les performances<\/h3>\n<p>Avant de concevoir une nouvelle identit\u00e9 conversationnelle de toutes pi\u00e8ces, il convient de cartographier objectivement la r\u00e9alit\u00e9 actuelle de vos prises de parole. Selon les recommandations m\u00e9thodologiques de Qualtrics, l&#8217;audit d&#8217;une strat\u00e9gie de &#8220;brand voice&#8221; d\u00e9bute en analysant les contenus les plus performants.<\/p>\n<p>L&#8217;objectif est d&#8217;identifier des motifs de r\u00e9ussite : ces publications utilisent-elles le m\u00eame langage que votre audience ? Correspondent-elles r\u00e9ellement \u00e0 vos valeurs d&#8217;entreprise ?<\/p>\n<h3>L&#8217;imp\u00e9ratif de l&#8217;adaptation g\u00e9ographique<\/h3>\n<p>Pour les organisations \u00e9voluant sur des march\u00e9s multilingues, \u00e0 l&#8217;image du bassin \u00e9conomique en Belgique, cet audit rev\u00eat une dimension suppl\u00e9mentaire. La voix de marque doit transcender la simple traduction litt\u00e9rale pour devenir une localisation culturelle.<\/p>\n<p>Une personnalit\u00e9 de marque per\u00e7ue comme &#8220;audacieuse&#8221; en fran\u00e7ais doit trouver son strict \u00e9quivalent s\u00e9mantique en n\u00e9erlandais ou en anglais, sous peine de fracturer la perception globale de l&#8217;entreprise selon les r\u00e9gions.<\/p>\n<h3>La grille d&#8217;audit en 4 questions<\/h3>\n<p>Pour transformer l&#8217;observation de vos statistiques d&#8217;engagement en directives \u00e9ditoriales concr\u00e8tes, appliquez ce framework de diagnostic \u00e0 vos vingt derni\u00e8res publications sociales :<\/p>\n<ol>\n<li><strong>Le test du miroir lexical<\/strong> : Les mots complexes ou les acronymes pr\u00e9sents dans nos publications sont-ils r\u00e9ellement utilis\u00e9s par nos clients cibles dans la section commentaires ou lors des rendez-vous de vente ?<\/li>\n<li><strong>Le test de l&#8217;anonymat<\/strong> : Si nous retirions notre logo de cette publication sp\u00e9cifique, nos abonn\u00e9s r\u00e9guliers pourraient-ils deviner qu&#8217;elle provient de notre entreprise uniquement gr\u00e2ce \u00e0 la structure des phrases ?<\/li>\n<li><strong>Le test de la valeur cardinale<\/strong> : Quel adjectif principal de notre charte d&#8217;entreprise (par exemple : &#8220;innovant&#8221;, &#8220;accessible&#8221;, &#8220;rigoureux&#8221;) ressort le plus fortement \u00e0 la premi\u00e8re lecture de ce texte ?<\/li>\n<li><strong>Le test de la friction contextuelle<\/strong> : Le niveau de familiarit\u00e9 (l&#8217;usage du tutoiement, la pr\u00e9sence d&#8217;emojis) correspond-il fid\u00e8lement au niveau de formalit\u00e9 attendu par l&#8217;audience pour ce type d&#8217;information technique ?<\/li>\n<\/ol>\n<p>L&#8217;application de ce diagnostic mettra rapidement en lumi\u00e8re les dissonances actuelles et fournira la base analytique indispensable pour r\u00e9diger votre futur guide formel.<\/p>\n<h2>Comment S&#8217;inspirer des Exemples de Grandes Marques pour Trouver sa Voix ?<\/h2>\n<p>Observer les strat\u00e9gies de grandes entreprises permet d&#8217;adapter des concepts forts \u00e0 sa propre structure.<\/p>\n<h3>L&#8217;observation des standards mondiaux<\/h3>\n<p>L&#8217;\u00e9tude sectorielle des leaders du march\u00e9 permet d&#8217;isoler des m\u00e9caniques de communication hautement reproductibles. L&#8217;analyse partag\u00e9e par Qualtrics met en \u00e9vidence les choix tranch\u00e9s de plusieurs g\u00e9ants de l&#8217;\u00e9conomie.<\/p>\n<p>La marque Harley-Davidson d\u00e9ploie une voix l\u00e9g\u00e8rement jur\u00e9e, directe, agressive et rebelle. Dans l&#8217;alimentaire, Skittles a opt\u00e9 pour une approche loufoque et totalement d\u00e9cal\u00e9e. L&#8217;entreprise Netflix excelle dans l&#8217;humour et l&#8217;autod\u00e9rision, tandis que la plateforme Slack privil\u00e9gie une posture claire, chaleureuse et r\u00e9solument humaine.<\/p>\n<h3>Refonte strat\u00e9gique pour les PME et le B2B<\/h3>\n<p>Si la copie conforme de ces multinationales est inefficace, leurs principes architecturaux peuvent \u00eatre intelligemment adapt\u00e9s aux r\u00e9alit\u00e9s commerciales des entreprises de services ou des structures B2B.<\/p>\n<ul>\n<li><strong>L&#8217;approche Slack appliqu\u00e9e au B2B institutionnel<\/strong> : Slack prouve qu&#8217;un outil technologique d&#8217;entreprise n&#8217;a aucune obligation d&#8217;\u00eatre froid. Une soci\u00e9t\u00e9 belge commercialisant des solutions logicielles RH peut s&#8217;en inspirer en \u00e9liminant son jargon bureaucratique. L&#8217;objectif devient d&#8217;expliquer des normes de paie complexes avec la m\u00eame clart\u00e9 et la m\u00eame empathie qu&#8217;un mentor aidant un collaborateur junior.<\/li>\n<li><strong>L&#8217;audace Skittles dans les secteurs satur\u00e9s<\/strong> : Au sein d&#8217;industries traditionnelles (l&#8217;assurance professionnelle, le courtage), adopter une voix l\u00e9g\u00e8rement d\u00e9cal\u00e9e cr\u00e9e un contraste imm\u00e9diat, presque viral, avec la concurrence environnante. Il ne s&#8217;agit pas de devenir absurde sans objectif, mais d&#8217;introduire un ton conversationnel vif dans un secteur habitu\u00e9 \u00e0 l&#8217;aust\u00e9rit\u00e9 documentaire.<\/li>\n<li>L&#8217;esprit Harley-Davidson pour le conseil en management : La r\u00e9bellion assum\u00e9e de Harley peut se traduire en B2B par une posture de &#8220;challenger radical&#8221;. Un cabinet de conseil financier peut adopter une voix extr\u00eamement directe, qui n&#8217;h\u00e9site jamais \u00e0 remettre publiquement en question les dogmes inefficaces de son industrie. Cette approche clivante repoussera certains prospects conservateurs, mais maximisera les conversions des clients en recherche active de rupture strat\u00e9gique.<\/li>\n<\/ul>\n<h2>Comment Construire et Faire Adopter son Guide de Style R\u00e9dactionnel ?<\/h2>\n<p>La r\u00e9ussite d&#8217;une voix de marque repose sur sa documentation rigoureuse et l&#8217;implication de toute l&#8217;entreprise.<\/p>\n<h3>La documentation au service de l&#8217;ex\u00e9cution multicanale<\/h3>\n<p>Une identit\u00e9 verbale parfaitement conceptualis\u00e9e ne produit aucun retour sur investissement si elle reste confin\u00e9e dans l&#8217;esprit de la direction marketing. La formalisation d&#8217;un manuel de style \u00e9ditorial document\u00e9 garantit la transmission exacte de la voix de marque.<\/p>\n<p>Ce document op\u00e9rationnel doit imp\u00e9rativement lister le vocabulaire approuv\u00e9, le jargon \u00e0 bannir, les r\u00e8gles de syntaxe privil\u00e9gi\u00e9es et fournir des exemples d&#8217;\u00e9criture comparatifs (avant\/apr\u00e8s). C&#8217;est ce support central qui permet aux cr\u00e9ateurs internes ou aux freelances d&#8217;assurer une continuit\u00e9 absolue.<\/p>\n<h3>L&#8217;importance de la mont\u00e9e en comp\u00e9tences interne<\/h3>\n<p>L&#8217;appropriation de ce standard r\u00e9dactionnel par les diff\u00e9rentes \u00e9quipes exige un apprentissage structur\u00e9. Comprendre les subtilit\u00e9s de l&#8217;engagement social tout en maintenant une voix unifi\u00e9e s&#8217;acquiert par la pratique et l&#8217;encadrement technique.<\/p>\n<p>Afin de professionnaliser cette d\u00e9marche, les entreprises peuvent se tourner vers des prestataires sp\u00e9cialis\u00e9s. \u00c0 titre d&#8217;exemple, suivre la formation de Clicktrust Academy \u00e0 Bruxelles par le biais d&#8217;une <a href=\"https:\/\/clicktrust.be\/fr\/clicktrust-academy-digital-marketing-training-brussels\/\" target=\"_blank\" rel=\"noopener\">formation communication digitale Bruxelles<\/a> permet aux collaborateurs d&#8217;int\u00e9grer des m\u00e9thodes d&#8217;application \u00e9prouv\u00e9es. Cet investissement garantit que la charte d&#8217;expression ne finira pas comme un simple fichier oubli\u00e9, mais deviendra un processus de qualit\u00e9 quotidien.<\/p>\n<h3>La maintenance de l&#8217;identit\u00e9 textuelle<\/h3>\n<p>Enfin, une strat\u00e9gie d&#8217;expression d&#8217;entreprise n&#8217;est jamais fig\u00e9e d\u00e9finitivement. Des formules per\u00e7ues comme dynamiques peuvent devenir archa\u00efques en quelques ann\u00e9es. Soyez toujours pr\u00eat \u00e0 r\u00e9-auditer r\u00e9guli\u00e8rement votre strat\u00e9gie de voix de marque, id\u00e9alement sur un cycle bi-annuel, pour certifier qu&#8217;elle maintient sa pertinence commerciale et son alignement avec le march\u00e9.<\/p>\n<h2>Foire Aux Questions (FAQ) sur la Voix de Marque<\/h2>\n<h3>Peut-on changer sa voix de marque avec le temps ?<\/h3>\n<p>Oui, une refonte de la personnalit\u00e9 conversationnelle est r\u00e9alisable et parfois requise lors d&#8217;un repositionnement strat\u00e9gique majeur (fusion d&#8217;entreprises, changement de cible d\u00e9mographique). Cependant, cette \u00e9volution doit s&#8217;effectuer de mani\u00e8re graduelle pour ne pas heurter la client\u00e8le fid\u00e9lis\u00e9e, qui risquerait de percevoir un changement brutal comme une perte d&#8217;authenticit\u00e9.<\/p>\n<h3>Qui est responsable de valider le guide de style \u00e9ditorial ?<\/h3>\n<p>Si la conception technique incombe g\u00e9n\u00e9ralement \u00e0 la direction marketing et aux concepteurs-r\u00e9dacteurs, la validation ultime n\u00e9cessite l&#8217;implication de la direction g\u00e9n\u00e9rale. La voix de marque traduisant directement la vision et le positionnement global de l&#8217;entreprise sur son march\u00e9, elle repr\u00e9sente une d\u00e9cision ex\u00e9cutive de premier plan.<\/p>\n<h3>Faut-il utiliser la m\u00eame voix sur un r\u00e9seau professionnel et un r\u00e9seau grand public ?<\/h3>\n<p>Absolument. La personnalit\u00e9 fondamentale (la voix) reste strictement identique sur l&#8217;ensemble des \u00e9cosyst\u00e8mes pour pr\u00e9server la reconnaissance de marque. En revanche, c&#8217;est le registre de formalit\u00e9 (le ton) qui subira une adaptation pour correspondre aux attentes structurelles d&#8217;une plateforme ax\u00e9e sur l&#8217;image par rapport \u00e0 un r\u00e9seau orient\u00e9 sur l&#8217;expertise m\u00e9tier.<\/p>\n<h2>Comment la Voix de Marque Peut-elle Vous Prot\u00e9ger \u00e0 l&#8217;\u00c8re de l&#8217;IA ?<\/h2>\n<p>Avec la prolif\u00e9ration croissante des outils d&#8217;intelligence artificielle g\u00e9n\u00e9rative capables de produire des volumes massifs de contenus \u00e0 la seconde, l&#8217;\u00e9cosyst\u00e8me num\u00e9rique va rapidement faire face \u00e0 une standardisation extr\u00eame des textes. Bient\u00f4t, la majorit\u00e9 des publications d&#8217;entreprise seront grammaticalement irr\u00e9prochables mais strat\u00e9giquement lisses et interchangeables.<\/p>\n<p>Dans ce contexte technologique, une voix de marque singuli\u00e8re, dot\u00e9e de ses imperfections assum\u00e9es, de ses partis pris lexicaux et de sa nuance humaine, constituera le seul rempart viable pour prot\u00e9ger l&#8217;attention de vos prospects. Plus qu&#8217;une simple question d&#8217;image, l&#8217;identit\u00e9 textuelle s&#8217;imposera comme la derni\u00e8re v\u00e9ritable preuve d&#8217;authenticit\u00e9 valoris\u00e9e par le march\u00e9.<\/p>\n<p><script type=\"application\/ld+json\">[{\"@context\": \"https:\/\/schema.org\", \"@type\": \"Article\", \"headline\": \"Comment D\u00e9finir la \u201cVoix\u201d de sa Marque sur les R\u00e9seaux Sociaux (et Booster son ROI)\", \"description\": \"D\u00e9couvrez comment d\u00e9finir la voix de votre marque sur les r\u00e9seaux sociaux. Un guide \u00e9tape par \u00e9tape avec audit, exemples, et strat\u00e9gies pour booster le ROI.\", \"wordCount\": 2231, \"inLanguage\": \"fr\", \"url\": \"https:\/\/everydayliving.be\/comment-definir-la-voix-de-sa-marque-sur-les-reseaux-sociaux\/\", \"dateModified\": \"2026-07-15T17:47:36.024624+00:00\"}, {\"@context\": \"https:\/\/schema.org\", \"@type\": \"FAQPage\", \"mainEntity\": [{\"@type\": \"Question\", \"name\": \"Comment la Voix de Marque D\u00e9passe-t-elle l'Esth\u00e9tique pour Devenir un Actif Financier ?\", \"acceptedAnswer\": {\"@type\": \"Answer\", \"text\": \"Sur les r\u00e9seaux sociaux, la comp\u00e9tition pour capter l'attention ne se joue plus uniquement sur l'esth\u00e9tique visuelle. Un logo soign\u00e9 et une charte graphique harmonieuse constituent un socle de base incontournable. Toutefois, ces \u00e9l\u00e9ments de design ne suffisent plus \u00e0 retenir une audience expos\u00e9e \u00e0 des milliers de sollicitations quotidiennes. La v\u00e9ritable diff\u00e9renciation repose d\u00e9sormais sur un actif immat\u00e9riel strat\u00e9gique : la personnalit\u00e9 de la marque, commun\u00e9ment appel\u00e9e sa \\\"voix\\\".\"}}, {\"@type\": \"Question\", \"name\": \"Quels sont les Points Cl\u00e9s \u00e0 Retenir sur la Voix de Marque ?\", \"acceptedAnswer\": {\"@type\": \"Answer\", \"text\": \"Afin d'aborder efficacement la strat\u00e9gie conversationnelle, voici les fondements principaux \u00e0 ma\u00eetriser :\"}}, {\"@type\": \"Question\", \"name\": \"Pourquoi la Coh\u00e9rence de Marque Peut-elle Booster Vos Revenus de 33 % ?\", \"acceptedAnswer\": {\"@type\": \"Answer\", \"text\": \"Pour comprendre l'impact d'une strat\u00e9gie conversationnelle, il faut examiner l'aspect psychologique et financier de la coh\u00e9rence de marque.\"}}, {\"@type\": \"Question\", \"name\": \"Voix vs Ton : Quelle est la Vraie Diff\u00e9rence ?\", \"acceptedAnswer\": {\"@type\": \"Answer\", \"text\": \"Pour bien d\u00e9ployer sa strat\u00e9gie, il est vital de distinguer deux concepts proches mais diff\u00e9rents.\"}}, {\"@type\": \"Question\", \"name\": \"Comment S'inspirer des Exemples de Grandes Marques pour Trouver sa Voix ?\", \"acceptedAnswer\": {\"@type\": \"Answer\", \"text\": \"Observer les strat\u00e9gies de grandes entreprises permet d'adapter des concepts forts \u00e0 sa propre structure.\"}}, {\"@type\": \"Question\", \"name\": \"Comment Construire et Faire Adopter son Guide de Style R\u00e9dactionnel ?\", \"acceptedAnswer\": {\"@type\": \"Answer\", \"text\": \"La r\u00e9ussite d'une voix de marque repose sur sa documentation rigoureuse et l'implication de toute l'entreprise.\"}}, {\"@type\": \"Question\", \"name\": \"Peut-on changer sa voix de marque avec le temps ?\", \"acceptedAnswer\": {\"@type\": \"Answer\", \"text\": \"Oui, une refonte de la personnalit\u00e9 conversationnelle est r\u00e9alisable et parfois requise lors d'un repositionnement strat\u00e9gique majeur (fusion d'entreprises, changement de cible d\u00e9mographique). Cependant, cette \u00e9volution doit s'effectuer de mani\u00e8re graduelle pour ne pas heurter la client\u00e8le fid\u00e9lis\u00e9e, qui risquerait de percevoir un changement brutal comme une perte d'authenticit\u00e9.\"}}, {\"@type\": \"Question\", \"name\": \"Qui est responsable de valider le guide de style \u00e9ditorial ?\", \"acceptedAnswer\": {\"@type\": \"Answer\", \"text\": \"Si la conception technique incombe g\u00e9n\u00e9ralement \u00e0 la direction marketing et aux concepteurs-r\u00e9dacteurs, la validation ultime n\u00e9cessite l'implication de la direction g\u00e9n\u00e9rale. La voix de marque traduisant directement la vision et le positionnement global de l'entreprise sur son march\u00e9, elle repr\u00e9sente une d\u00e9cision ex\u00e9cutive de premier plan.\"}}, {\"@type\": \"Question\", \"name\": \"Faut-il utiliser la m\u00eame voix sur un r\u00e9seau professionnel et un r\u00e9seau grand public ?\", \"acceptedAnswer\": {\"@type\": \"Answer\", \"text\": \"Absolument. La personnalit\u00e9 fondamentale (la voix) reste strictement identique sur l'ensemble des \u00e9cosyst\u00e8mes pour pr\u00e9server la reconnaissance de marque. En revanche, c'est le registre de formalit\u00e9 (le ton) qui subira une adaptation pour correspondre aux attentes structurelles d'une plateforme ax\u00e9e sur l'image par rapport \u00e0 un r\u00e9seau orient\u00e9 sur l'expertise m\u00e9tier.\"}}]}]<\/script><\/p>\n","protected":false},"excerpt":{"rendered":"<p>Comment la Voix de Marque D\u00e9passe-t-elle l&#8217;Esth\u00e9tique pour Devenir un Actif Financier ? Sur les r\u00e9seaux sociaux, la comp\u00e9tition pour capter l&#8217;attention ne se joue plus uniquement sur l&#8217;esth\u00e9tique visuelle. Un logo soign\u00e9 et une charte graphique harmonieuse constituent un socle de base incontournable. Toutefois, ces \u00e9l\u00e9ments de design ne suffisent plus \u00e0 retenir une [&hellip;]<\/p>\n","protected":false},"author":2,"featured_media":1176,"comment_status":"open","ping_status":"open","sticky":false,"template":"","format":"standard","meta":{"inline_featured_image":false,"footnotes":""},"categories":[12],"tags":[],"class_list":["post-1175","post","type-post","status-publish","format-standard","has-post-thumbnail","hentry","category-culture-et-loisir"],"yoast_head":"<!-- This site is optimized with the Yoast SEO plugin v24.6 - https:\/\/yoast.com\/wordpress\/plugins\/seo\/ -->\n<title>Comment D\u00e9finir la &quot;Voix&quot; de sa Marque sur les R\u00e9seaux Sociaux ? - EverydayLiving - Embrace the Extraordinary<\/title>\n<meta name=\"robots\" content=\"index, follow, max-snippet:-1, max-image-preview:large, max-video-preview:-1\" \/>\n<link rel=\"canonical\" href=\"https:\/\/everydayliving.be\/en\/comment-definir-la-voix-de-sa-marque-sur-les-reseaux-sociaux\/\" \/>\n<meta property=\"og:locale\" content=\"en_US\" \/>\n<meta property=\"og:type\" content=\"article\" \/>\n<meta property=\"og:title\" content=\"Comment D\u00e9finir la &quot;Voix&quot; de sa Marque sur les R\u00e9seaux Sociaux ? - EverydayLiving - Embrace the Extraordinary\" \/>\n<meta property=\"og:description\" content=\"Comment la Voix de Marque D\u00e9passe-t-elle l&#8217;Esth\u00e9tique pour Devenir un Actif Financier ? Sur les r\u00e9seaux sociaux, la comp\u00e9tition pour capter l&#8217;attention ne se joue plus uniquement sur l&#8217;esth\u00e9tique visuelle. Un logo soign\u00e9 et une charte graphique harmonieuse constituent un socle de base incontournable. Toutefois, ces \u00e9l\u00e9ments de design ne suffisent plus \u00e0 retenir une [&hellip;]\" \/>\n<meta property=\"og:url\" content=\"https:\/\/everydayliving.be\/en\/comment-definir-la-voix-de-sa-marque-sur-les-reseaux-sociaux\/\" \/>\n<meta property=\"og:site_name\" content=\"EverydayLiving - Embrace the Extraordinary\" \/>\n<meta property=\"article:published_time\" content=\"2025-08-12T06:31:14+00:00\" \/>\n<meta property=\"article:modified_time\" content=\"2026-07-17T19:28:47+00:00\" \/>\n<meta property=\"og:image\" content=\"https:\/\/everydayliving.be\/wp-content\/uploads\/2025\/08\/unnamed-54.jpg\" \/>\n\t<meta property=\"og:image:width\" content=\"1024\" \/>\n\t<meta property=\"og:image:height\" content=\"717\" \/>\n\t<meta property=\"og:image:type\" content=\"image\/jpeg\" \/>\n<meta name=\"author\" content=\"info@kwizera.bi\" \/>\n<meta name=\"twitter:card\" content=\"summary_large_image\" \/>\n<meta name=\"twitter:label1\" content=\"Written by\" \/>\n\t<meta name=\"twitter:data1\" content=\"info@kwizera.bi\" \/>\n\t<meta name=\"twitter:label2\" content=\"Est. reading time\" \/>\n\t<meta name=\"twitter:data2\" content=\"5 minutes\" \/>\n<script type=\"application\/ld+json\" class=\"yoast-schema-graph\">{\"@context\":\"https:\/\/schema.org\",\"@graph\":[{\"@type\":\"Article\",\"@id\":\"https:\/\/everydayliving.be\/en\/comment-definir-la-voix-de-sa-marque-sur-les-reseaux-sociaux\/#article\",\"isPartOf\":{\"@id\":\"https:\/\/everydayliving.be\/en\/comment-definir-la-voix-de-sa-marque-sur-les-reseaux-sociaux\/\"},\"author\":{\"name\":\"info@kwizera.bi\",\"@id\":\"https:\/\/everydayliving.be\/en\/#\/schema\/person\/4971304cf7ea2deed717b970613b2507\"},\"headline\":\"Comment D\u00e9finir la &#8220;Voix&#8221; de sa Marque sur les R\u00e9seaux Sociaux ?\",\"datePublished\":\"2025-08-12T06:31:14+00:00\",\"dateModified\":\"2026-07-17T19:28:47+00:00\",\"mainEntityOfPage\":{\"@id\":\"https:\/\/everydayliving.be\/en\/comment-definir-la-voix-de-sa-marque-sur-les-reseaux-sociaux\/\"},\"wordCount\":2626,\"commentCount\":0,\"publisher\":{\"@id\":\"https:\/\/everydayliving.be\/en\/#organization\"},\"image\":{\"@id\":\"https:\/\/everydayliving.be\/en\/comment-definir-la-voix-de-sa-marque-sur-les-reseaux-sociaux\/#primaryimage\"},\"thumbnailUrl\":\"https:\/\/everydayliving.be\/wp-content\/uploads\/2025\/08\/unnamed-54.jpg\",\"articleSection\":[\"Culture et loisir\"],\"inLanguage\":\"en-US\",\"potentialAction\":[{\"@type\":\"CommentAction\",\"name\":\"Comment\",\"target\":[\"https:\/\/everydayliving.be\/en\/comment-definir-la-voix-de-sa-marque-sur-les-reseaux-sociaux\/#respond\"]}]},{\"@type\":\"WebPage\",\"@id\":\"https:\/\/everydayliving.be\/en\/comment-definir-la-voix-de-sa-marque-sur-les-reseaux-sociaux\/\",\"url\":\"https:\/\/everydayliving.be\/en\/comment-definir-la-voix-de-sa-marque-sur-les-reseaux-sociaux\/\",\"name\":\"Comment D\u00e9finir la \\\"Voix\\\" de sa Marque sur les R\u00e9seaux Sociaux ? - EverydayLiving - Embrace the Extraordinary\",\"isPartOf\":{\"@id\":\"https:\/\/everydayliving.be\/en\/#website\"},\"primaryImageOfPage\":{\"@id\":\"https:\/\/everydayliving.be\/en\/comment-definir-la-voix-de-sa-marque-sur-les-reseaux-sociaux\/#primaryimage\"},\"image\":{\"@id\":\"https:\/\/everydayliving.be\/en\/comment-definir-la-voix-de-sa-marque-sur-les-reseaux-sociaux\/#primaryimage\"},\"thumbnailUrl\":\"https:\/\/everydayliving.be\/wp-content\/uploads\/2025\/08\/unnamed-54.jpg\",\"datePublished\":\"2025-08-12T06:31:14+00:00\",\"dateModified\":\"2026-07-17T19:28:47+00:00\",\"breadcrumb\":{\"@id\":\"https:\/\/everydayliving.be\/en\/comment-definir-la-voix-de-sa-marque-sur-les-reseaux-sociaux\/#breadcrumb\"},\"inLanguage\":\"en-US\",\"potentialAction\":[{\"@type\":\"ReadAction\",\"target\":[\"https:\/\/everydayliving.be\/en\/comment-definir-la-voix-de-sa-marque-sur-les-reseaux-sociaux\/\"]}]},{\"@type\":\"ImageObject\",\"inLanguage\":\"en-US\",\"@id\":\"https:\/\/everydayliving.be\/en\/comment-definir-la-voix-de-sa-marque-sur-les-reseaux-sociaux\/#primaryimage\",\"url\":\"https:\/\/everydayliving.be\/wp-content\/uploads\/2025\/08\/unnamed-54.jpg\",\"contentUrl\":\"https:\/\/everydayliving.be\/wp-content\/uploads\/2025\/08\/unnamed-54.jpg\",\"width\":1024,\"height\":717,\"caption\":\"la Voix de sa Marque sur les R\u00e9seaux Sociaux\"},{\"@type\":\"BreadcrumbList\",\"@id\":\"https:\/\/everydayliving.be\/en\/comment-definir-la-voix-de-sa-marque-sur-les-reseaux-sociaux\/#breadcrumb\",\"itemListElement\":[{\"@type\":\"ListItem\",\"position\":1,\"name\":\"Home\",\"item\":\"https:\/\/everydayliving.be\/en\/\"},{\"@type\":\"ListItem\",\"position\":2,\"name\":\"Comment D\u00e9finir la &#8220;Voix&#8221; de sa Marque sur les R\u00e9seaux Sociaux ?\"}]},{\"@type\":\"WebSite\",\"@id\":\"https:\/\/everydayliving.be\/en\/#website\",\"url\":\"https:\/\/everydayliving.be\/en\/\",\"name\":\"EverydayLiving - Embrace the Extraordinary\",\"description\":\"\",\"publisher\":{\"@id\":\"https:\/\/everydayliving.be\/en\/#organization\"},\"potentialAction\":[{\"@type\":\"SearchAction\",\"target\":{\"@type\":\"EntryPoint\",\"urlTemplate\":\"https:\/\/everydayliving.be\/en\/?s={search_term_string}\"},\"query-input\":{\"@type\":\"PropertyValueSpecification\",\"valueRequired\":true,\"valueName\":\"search_term_string\"}}],\"inLanguage\":\"en-US\"},{\"@type\":\"Organization\",\"@id\":\"https:\/\/everydayliving.be\/en\/#organization\",\"name\":\"EverydayLiving - Embrace the Extraordinary\",\"url\":\"https:\/\/everydayliving.be\/en\/\",\"logo\":{\"@type\":\"ImageObject\",\"inLanguage\":\"en-US\",\"@id\":\"https:\/\/everydayliving.be\/en\/#\/schema\/logo\/image\/\",\"url\":\"https:\/\/everydayliving.be\/wp-content\/uploads\/2024\/11\/Rima-Reyes-1-1-removebg-preview.png\",\"contentUrl\":\"https:\/\/everydayliving.be\/wp-content\/uploads\/2024\/11\/Rima-Reyes-1-1-removebg-preview.png\",\"width\":500,\"height\":500,\"caption\":\"EverydayLiving - Embrace the Extraordinary\"},\"image\":{\"@id\":\"https:\/\/everydayliving.be\/en\/#\/schema\/logo\/image\/\"}},{\"@type\":\"Person\",\"@id\":\"https:\/\/everydayliving.be\/en\/#\/schema\/person\/4971304cf7ea2deed717b970613b2507\",\"name\":\"info@kwizera.bi\",\"image\":{\"@type\":\"ImageObject\",\"inLanguage\":\"en-US\",\"@id\":\"https:\/\/everydayliving.be\/en\/#\/schema\/person\/image\/\",\"url\":\"https:\/\/secure.gravatar.com\/avatar\/4b255983682351b7e77d4eac407a99eba8ae0c62610677afbc95111e673d4af9?s=96&d=mm&r=g\",\"contentUrl\":\"https:\/\/secure.gravatar.com\/avatar\/4b255983682351b7e77d4eac407a99eba8ae0c62610677afbc95111e673d4af9?s=96&d=mm&r=g\",\"caption\":\"info@kwizera.bi\"},\"url\":\"https:\/\/everydayliving.be\/en\/author\/infokwizera-bi\/\"}]}<\/script>\n<!-- \/ Yoast SEO plugin. -->","yoast_head_json":{"title":"Comment D\u00e9finir la \"Voix\" de sa Marque sur les R\u00e9seaux Sociaux ? - EverydayLiving - Embrace the Extraordinary","robots":{"index":"index","follow":"follow","max-snippet":"max-snippet:-1","max-image-preview":"max-image-preview:large","max-video-preview":"max-video-preview:-1"},"canonical":"https:\/\/everydayliving.be\/en\/comment-definir-la-voix-de-sa-marque-sur-les-reseaux-sociaux\/","og_locale":"en_US","og_type":"article","og_title":"Comment D\u00e9finir la \"Voix\" de sa Marque sur les R\u00e9seaux Sociaux ? - EverydayLiving - Embrace the Extraordinary","og_description":"Comment la Voix de Marque D\u00e9passe-t-elle l&#8217;Esth\u00e9tique pour Devenir un Actif Financier ? Sur les r\u00e9seaux sociaux, la comp\u00e9tition pour capter l&#8217;attention ne se joue plus uniquement sur l&#8217;esth\u00e9tique visuelle. Un logo soign\u00e9 et une charte graphique harmonieuse constituent un socle de base incontournable. Toutefois, ces \u00e9l\u00e9ments de design ne suffisent plus \u00e0 retenir une [&hellip;]","og_url":"https:\/\/everydayliving.be\/en\/comment-definir-la-voix-de-sa-marque-sur-les-reseaux-sociaux\/","og_site_name":"EverydayLiving - Embrace the Extraordinary","article_published_time":"2025-08-12T06:31:14+00:00","article_modified_time":"2026-07-17T19:28:47+00:00","og_image":[{"width":1024,"height":717,"url":"https:\/\/everydayliving.be\/wp-content\/uploads\/2025\/08\/unnamed-54.jpg","type":"image\/jpeg"}],"author":"info@kwizera.bi","twitter_card":"summary_large_image","twitter_misc":{"Written by":"info@kwizera.bi","Est. reading time":"5 minutes"},"schema":{"@context":"https:\/\/schema.org","@graph":[{"@type":"Article","@id":"https:\/\/everydayliving.be\/en\/comment-definir-la-voix-de-sa-marque-sur-les-reseaux-sociaux\/#article","isPartOf":{"@id":"https:\/\/everydayliving.be\/en\/comment-definir-la-voix-de-sa-marque-sur-les-reseaux-sociaux\/"},"author":{"name":"info@kwizera.bi","@id":"https:\/\/everydayliving.be\/en\/#\/schema\/person\/4971304cf7ea2deed717b970613b2507"},"headline":"Comment D\u00e9finir la &#8220;Voix&#8221; de sa Marque sur les R\u00e9seaux Sociaux ?","datePublished":"2025-08-12T06:31:14+00:00","dateModified":"2026-07-17T19:28:47+00:00","mainEntityOfPage":{"@id":"https:\/\/everydayliving.be\/en\/comment-definir-la-voix-de-sa-marque-sur-les-reseaux-sociaux\/"},"wordCount":2626,"commentCount":0,"publisher":{"@id":"https:\/\/everydayliving.be\/en\/#organization"},"image":{"@id":"https:\/\/everydayliving.be\/en\/comment-definir-la-voix-de-sa-marque-sur-les-reseaux-sociaux\/#primaryimage"},"thumbnailUrl":"https:\/\/everydayliving.be\/wp-content\/uploads\/2025\/08\/unnamed-54.jpg","articleSection":["Culture et loisir"],"inLanguage":"en-US","potentialAction":[{"@type":"CommentAction","name":"Comment","target":["https:\/\/everydayliving.be\/en\/comment-definir-la-voix-de-sa-marque-sur-les-reseaux-sociaux\/#respond"]}]},{"@type":"WebPage","@id":"https:\/\/everydayliving.be\/en\/comment-definir-la-voix-de-sa-marque-sur-les-reseaux-sociaux\/","url":"https:\/\/everydayliving.be\/en\/comment-definir-la-voix-de-sa-marque-sur-les-reseaux-sociaux\/","name":"Comment D\u00e9finir la \"Voix\" de sa Marque sur les R\u00e9seaux Sociaux ? - EverydayLiving - Embrace the Extraordinary","isPartOf":{"@id":"https:\/\/everydayliving.be\/en\/#website"},"primaryImageOfPage":{"@id":"https:\/\/everydayliving.be\/en\/comment-definir-la-voix-de-sa-marque-sur-les-reseaux-sociaux\/#primaryimage"},"image":{"@id":"https:\/\/everydayliving.be\/en\/comment-definir-la-voix-de-sa-marque-sur-les-reseaux-sociaux\/#primaryimage"},"thumbnailUrl":"https:\/\/everydayliving.be\/wp-content\/uploads\/2025\/08\/unnamed-54.jpg","datePublished":"2025-08-12T06:31:14+00:00","dateModified":"2026-07-17T19:28:47+00:00","breadcrumb":{"@id":"https:\/\/everydayliving.be\/en\/comment-definir-la-voix-de-sa-marque-sur-les-reseaux-sociaux\/#breadcrumb"},"inLanguage":"en-US","potentialAction":[{"@type":"ReadAction","target":["https:\/\/everydayliving.be\/en\/comment-definir-la-voix-de-sa-marque-sur-les-reseaux-sociaux\/"]}]},{"@type":"ImageObject","inLanguage":"en-US","@id":"https:\/\/everydayliving.be\/en\/comment-definir-la-voix-de-sa-marque-sur-les-reseaux-sociaux\/#primaryimage","url":"https:\/\/everydayliving.be\/wp-content\/uploads\/2025\/08\/unnamed-54.jpg","contentUrl":"https:\/\/everydayliving.be\/wp-content\/uploads\/2025\/08\/unnamed-54.jpg","width":1024,"height":717,"caption":"la Voix de sa Marque sur les R\u00e9seaux Sociaux"},{"@type":"BreadcrumbList","@id":"https:\/\/everydayliving.be\/en\/comment-definir-la-voix-de-sa-marque-sur-les-reseaux-sociaux\/#breadcrumb","itemListElement":[{"@type":"ListItem","position":1,"name":"Home","item":"https:\/\/everydayliving.be\/en\/"},{"@type":"ListItem","position":2,"name":"Comment D\u00e9finir la &#8220;Voix&#8221; de sa Marque sur les R\u00e9seaux Sociaux ?"}]},{"@type":"WebSite","@id":"https:\/\/everydayliving.be\/en\/#website","url":"https:\/\/everydayliving.be\/en\/","name":"EverydayLiving - Embrace the Extraordinary","description":"","publisher":{"@id":"https:\/\/everydayliving.be\/en\/#organization"},"potentialAction":[{"@type":"SearchAction","target":{"@type":"EntryPoint","urlTemplate":"https:\/\/everydayliving.be\/en\/?s={search_term_string}"},"query-input":{"@type":"PropertyValueSpecification","valueRequired":true,"valueName":"search_term_string"}}],"inLanguage":"en-US"},{"@type":"Organization","@id":"https:\/\/everydayliving.be\/en\/#organization","name":"EverydayLiving - Embrace the Extraordinary","url":"https:\/\/everydayliving.be\/en\/","logo":{"@type":"ImageObject","inLanguage":"en-US","@id":"https:\/\/everydayliving.be\/en\/#\/schema\/logo\/image\/","url":"https:\/\/everydayliving.be\/wp-content\/uploads\/2024\/11\/Rima-Reyes-1-1-removebg-preview.png","contentUrl":"https:\/\/everydayliving.be\/wp-content\/uploads\/2024\/11\/Rima-Reyes-1-1-removebg-preview.png","width":500,"height":500,"caption":"EverydayLiving - Embrace the Extraordinary"},"image":{"@id":"https:\/\/everydayliving.be\/en\/#\/schema\/logo\/image\/"}},{"@type":"Person","@id":"https:\/\/everydayliving.be\/en\/#\/schema\/person\/4971304cf7ea2deed717b970613b2507","name":"info@kwizera.bi","image":{"@type":"ImageObject","inLanguage":"en-US","@id":"https:\/\/everydayliving.be\/en\/#\/schema\/person\/image\/","url":"https:\/\/secure.gravatar.com\/avatar\/4b255983682351b7e77d4eac407a99eba8ae0c62610677afbc95111e673d4af9?s=96&d=mm&r=g","contentUrl":"https:\/\/secure.gravatar.com\/avatar\/4b255983682351b7e77d4eac407a99eba8ae0c62610677afbc95111e673d4af9?s=96&d=mm&r=g","caption":"info@kwizera.bi"},"url":"https:\/\/everydayliving.be\/en\/author\/infokwizera-bi\/"}]}},"_links":{"self":[{"href":"https:\/\/everydayliving.be\/en\/wp-json\/wp\/v2\/posts\/1175","targetHints":{"allow":["GET"]}}],"collection":[{"href":"https:\/\/everydayliving.be\/en\/wp-json\/wp\/v2\/posts"}],"about":[{"href":"https:\/\/everydayliving.be\/en\/wp-json\/wp\/v2\/types\/post"}],"author":[{"embeddable":true,"href":"https:\/\/everydayliving.be\/en\/wp-json\/wp\/v2\/users\/2"}],"replies":[{"embeddable":true,"href":"https:\/\/everydayliving.be\/en\/wp-json\/wp\/v2\/comments?post=1175"}],"version-history":[{"count":0,"href":"https:\/\/everydayliving.be\/en\/wp-json\/wp\/v2\/posts\/1175\/revisions"}],"wp:featuredmedia":[{"embeddable":true,"href":"https:\/\/everydayliving.be\/en\/wp-json\/wp\/v2\/media\/1176"}],"wp:attachment":[{"href":"https:\/\/everydayliving.be\/en\/wp-json\/wp\/v2\/media?parent=1175"}],"wp:term":[{"taxonomy":"category","embeddable":true,"href":"https:\/\/everydayliving.be\/en\/wp-json\/wp\/v2\/categories?post=1175"},{"taxonomy":"post_tag","embeddable":true,"href":"https:\/\/everydayliving.be\/en\/wp-json\/wp\/v2\/tags?post=1175"}],"curies":[{"name":"wp","href":"https:\/\/api.w.org\/{rel}","templated":true}]}}